{"id":2191,"date":"2023-11-15T11:32:03","date_gmt":"2023-11-15T11:32:03","guid":{"rendered":"https:\/\/enminutostlx.com\/?p=2191"},"modified":"2023-11-27T23:08:11","modified_gmt":"2023-11-27T23:08:11","slug":"realizara-isi-automotive-reclutamiento-en-las-oficinas-de-desarrollo-economico-de-huamantla","status":"publish","type":"post","link":"https:\/\/enminutostlx.com\/?p=2191","title":{"rendered":"REALIZAR\u00c1 ISI AUTOMOTIVE RECLUTAMIENTO EN LAS OFICINAS DE DESARROLLO ECON\u00d3MICO DE HUAMANTLA"},"content":{"rendered":"\n<p>\u00b7 Los interesados deber\u00e1n presentarse el jueves 16 de noviembre a las 09:00 horas, en las oficinas de la Coordinaci\u00f3n de Desarrollo Econ\u00f3mico y Comercio de Huamantla.<\/p>\n\n\n\n<p>El H. Ayuntamiento de Huamantla, que preside Salvador Santos Cedillo, en colaboraci\u00f3n con la empresa ISI Automotive, anuncia que realizar\u00e1 un reclutamiento para contratar a personal como operadores de corte.<\/p>\n\n\n\n<p>En ese sentido, la coordinadora de Desarrollo Econ\u00f3mico, Amada Acoltzi, destac\u00f3 la calidad de la mano de obra local y el compromiso de la administraci\u00f3n de continuar trabajando coordinadamente con las empresas para generar oportunidades de desarrollo en el municipio.<\/p>\n\n\n\n<p>Para este reclutamiento los interesados deber\u00e1n trasladarse a las instalaciones de ISI Automotive, por lo que antes deber\u00e1n presentarse en las oficinas de la Coordinaci\u00f3n de Desarrollo Econ\u00f3mico y Comercio de Huamantla, ubicadas en bulevar Cuamanco esquina con Reforma S\/N, este jueves 16 de noviembre a las 09:00 horas, donde abordar\u00e1n el autob\u00fas de la empresa, por lo que es necesario acudir sin mochilas.<\/p>\n\n\n\n<p>Para esta vacante ofertada, los interesados deber\u00e1n ser mayores de 18 a\u00f1os, tener los estudios b\u00e1sicos y disponibilidad para rolar turnos, as\u00ed como experiencia en maquinaria de costura manual.<\/p>\n\n\n\n<p>Las autoridades municipales subrayan que estas acciones buscan acercar oportunidades laborales, generando empleo, mejores ingresos y bienestar para las familias huamantlecas.<\/p>\n","protected":false},"excerpt":{"rendered":"<p>\u00b7 Los interesados deber\u00e1n presentarse el jueves 16 de noviembre a las 09:00 horas, en las oficinas de la Coordinaci\u00f3n de Desarrollo Econ\u00f3mico y Comercio de Huamantla. El H. Ayuntamiento de Huamantla, que preside Salvador Santos Cedillo, en colaboraci\u00f3n con la empresa ISI Automotive, anuncia que realizar\u00e1 un reclutamiento para contratar a personal como operadores [&hellip;]<\/p>\n","protected":false},"author":2,"featured_media":2192,"comment_status":"open","ping_status":"open","sticky":false,"template":"","format":"standard","meta":{"_themeisle_gutenberg_block_has_review":false,"footnotes":""},"categories":[26],"tags":[31,954,955,107],"class_list":["post-2191","post","type-post","status-publish","format-standard","has-post-thumbnail","hentry","category-municipio","tag-huamantla","tag-isi-automotive","tag-reclutamiento","tag-trabajo"],"_links":{"self":[{"href":"https:\/\/enminutostlx.com\/index.php?rest_route=\/wp\/v2\/posts\/2191","targetHints":{"allow":["GET"]}}],"collection":[{"href":"https:\/\/enminutostlx.com\/index.php?rest_route=\/wp\/v2\/posts"}],"about":[{"href":"https:\/\/enminutostlx.com\/index.php?rest_route=\/wp\/v2\/types\/post"}],"author":[{"embeddable":true,"href":"https:\/\/enminutostlx.com\/index.php?rest_route=\/wp\/v2\/users\/2"}],"replies":[{"embeddable":true,"href":"https:\/\/enminutostlx.com\/index.php?rest_route=%2Fwp%2Fv2%2Fcomments&post=2191"}],"version-history":[{"count":1,"href":"https:\/\/enminutostlx.com\/index.php?rest_route=\/wp\/v2\/posts\/2191\/revisions"}],"predecessor-version":[{"id":2193,"href":"https:\/\/enminutostlx.com\/index.php?rest_route=\/wp\/v2\/posts\/2191\/revisions\/2193"}],"wp:featuredmedia":[{"embeddable":true,"href":"https:\/\/enminutostlx.com\/index.php?rest_route=\/wp\/v2\/media\/2192"}],"wp:attachment":[{"href":"https:\/\/enminutostlx.com\/index.php?rest_route=%2Fwp%2Fv2%2Fmedia&parent=2191"}],"wp:term":[{"taxonomy":"category","embeddable":true,"href":"https:\/\/enminutostlx.com\/index.php?rest_route=%2Fwp%2Fv2%2Fcategories&post=2191"},{"taxonomy":"post_tag","embeddable":true,"href":"https:\/\/enminutostlx.com\/index.php?rest_route=%2Fwp%2Fv2%2Ftags&post=2191"}],"curies":[{"name":"wp","href":"https:\/\/api.w.org\/{rel}","templated":true}]}}