{"id":2194,"date":"2023-11-16T02:22:05","date_gmt":"2023-11-16T02:22:05","guid":{"rendered":"https:\/\/enminutostlx.com\/?p=2194"},"modified":"2023-11-27T23:08:08","modified_gmt":"2023-11-27T23:08:08","slug":"invita-coordinacion-de-deporte-de-huamantla-a-las-actividades-y-talleres-del-mes-de-noviembre","status":"publish","type":"post","link":"https:\/\/enminutostlx.com\/?p=2194","title":{"rendered":"INVITA COORDINACI\u00d3N DE DEPORTE DE HUAMANTLA A LAS ACTIVIDADES Y TALLERES DEL MES DE NOVIEMBRE"},"content":{"rendered":"\n<p>El gobierno municipal de Huamantla, que preside Salvador Santos Cedillo, a trav\u00e9s de la Coordinaci\u00f3n de Deporte, invita a las y los huamantlecos a los cursos y talleres durante este mes de noviembre en la Unidad Deportiva \u201cMiguel Arroyo Rosales\u201d.<\/p>\n\n\n\n<p>El Coordinador de Deporte, Emmanuel Luna, refiere que se llevar\u00e1 a cabo la primera liga de Frontenis, el pr\u00f3ximo s\u00e1bado 26 de noviembre, en categor\u00eda libre de la rama varonil; informes e inscripciones a esta liga, los interesados deber\u00e1n comunicarse al n\u00famero telef\u00f3nico (247) 108-61-84.<\/p>\n\n\n\n<p>De igual manera, invit\u00f3 al taller de Baile de Sal\u00f3n, los d\u00edas martes y jueves de 18:00 a 19:00 horas, a partir de esta semana, en la planta alta del Gimnasio 1 de la Unidad Deportiva, la cual no tendr\u00e1 costo de inscripci\u00f3n, solo una cuota de recuperaci\u00f3n de $20 pesos por clase.<\/p>\n\n\n\n<p>Con el objetivo de seguir impulsando la sana recreaci\u00f3n en todos los niveles de la poblaci\u00f3n, la administraci\u00f3n municipal invita a la poblaci\u00f3n en general a participar en los talleres de f\u00fatbol, basquetbol, voleibol de sala, voleibol de playa, zumba y box; para mayores informes acudir a las oficinas de la Unidad Deportiva, ubicadas en Bulevar Yancuitlalpan, en un horario de 9:00 a 17:00 horas.<\/p>\n","protected":false},"excerpt":{"rendered":"<p>El gobierno municipal de Huamantla, que preside Salvador Santos Cedillo, a trav\u00e9s de la Coordinaci\u00f3n de Deporte, invita a las y los huamantlecos a los cursos y talleres durante este mes de noviembre en la Unidad Deportiva \u201cMiguel Arroyo Rosales\u201d. El Coordinador de Deporte, Emmanuel Luna, refiere que se llevar\u00e1 a cabo la primera liga [&hellip;]<\/p>\n","protected":false},"author":2,"featured_media":2195,"comment_status":"open","ping_status":"open","sticky":false,"template":"","format":"standard","meta":{"_themeisle_gutenberg_block_has_review":false,"footnotes":""},"categories":[26],"tags":[55,956,645],"class_list":["post-2194","post","type-post","status-publish","format-standard","has-post-thumbnail","hentry","category-municipio","tag-deporte","tag-deporte-huamantla","tag-unidad-deportiva-huamantla"],"_links":{"self":[{"href":"https:\/\/enminutostlx.com\/index.php?rest_route=\/wp\/v2\/posts\/2194","targetHints":{"allow":["GET"]}}],"collection":[{"href":"https:\/\/enminutostlx.com\/index.php?rest_route=\/wp\/v2\/posts"}],"about":[{"href":"https:\/\/enminutostlx.com\/index.php?rest_route=\/wp\/v2\/types\/post"}],"author":[{"embeddable":true,"href":"https:\/\/enminutostlx.com\/index.php?rest_route=\/wp\/v2\/users\/2"}],"replies":[{"embeddable":true,"href":"https:\/\/enminutostlx.com\/index.php?rest_route=%2Fwp%2Fv2%2Fcomments&post=2194"}],"version-history":[{"count":1,"href":"https:\/\/enminutostlx.com\/index.php?rest_route=\/wp\/v2\/posts\/2194\/revisions"}],"predecessor-version":[{"id":2196,"href":"https:\/\/enminutostlx.com\/index.php?rest_route=\/wp\/v2\/posts\/2194\/revisions\/2196"}],"wp:featuredmedia":[{"embeddable":true,"href":"https:\/\/enminutostlx.com\/index.php?rest_route=\/wp\/v2\/media\/2195"}],"wp:attachment":[{"href":"https:\/\/enminutostlx.com\/index.php?rest_route=%2Fwp%2Fv2%2Fmedia&parent=2194"}],"wp:term":[{"taxonomy":"category","embeddable":true,"href":"https:\/\/enminutostlx.com\/index.php?rest_route=%2Fwp%2Fv2%2Fcategories&post=2194"},{"taxonomy":"post_tag","embeddable":true,"href":"https:\/\/enminutostlx.com\/index.php?rest_route=%2Fwp%2Fv2%2Ftags&post=2194"}],"curies":[{"name":"wp","href":"https:\/\/api.w.org\/{rel}","templated":true}]}}