{"id":2200,"date":"2023-11-16T02:28:24","date_gmt":"2023-11-16T02:28:24","guid":{"rendered":"https:\/\/enminutostlx.com\/?p=2200"},"modified":"2023-11-27T23:03:40","modified_gmt":"2023-11-27T23:03:40","slug":"ultimos-dias-de-la-jornada-nacional-de-salud-en-huamantla","status":"publish","type":"post","link":"https:\/\/enminutostlx.com\/?p=2200","title":{"rendered":"\u00daLTIMOS D\u00cdAS DE LA JORNADA NACIONAL DE SALUD EN HUAMANTLA"},"content":{"rendered":"\n<p>El H. Ayuntamiento de Huamantla, en colaboraci\u00f3n con la Secretar\u00eda de Salud (SESA) del estado de Tlaxcala, y el Servicio Nacional de Salud P\u00fablica, hace un llamado a la ciudadan\u00eda en general para asistir a los \u00faltimos d\u00edas de la Segunda Jornada Nacional de Salud P\u00fablica, que concluir\u00e1 este viernes 17 de noviembre.<\/p>\n\n\n\n<p>Bajo el lema &#8220;Comunidad Sana, Comunidad Fuerte&#8221;, autoridades federales, estatales y municipales recuerdan a las personas que a\u00fan no se han inmunizado o completado su esquema de vacunaci\u00f3n, acudan al Centro de Salud Urbano de Huamantla, ubicado en Hidalgo Poniente S\/N esquina con Roberto Covarrubias, donde se estar\u00e1 aplicando las dosis de 8:00 a 14:00 horas.<\/p>\n\n\n\n<p>Adem\u00e1s, este jueves 16 de noviembre, el personal de la SESA estar\u00e1 vacunando a todos los interesados en la presidencia de comunidad de Santa Anita, a partir de las 9:00 a 13:00 horas.<\/p>\n\n\n\n<p>Finalmente, el presidente municipal de Huamantla, Salvador Santos Cedillo, refiri\u00f3 que su administraci\u00f3n impulsa acciones coordinadas con los tres niveles de gobierno, para asegurar el bienestar de las y los huamantlecos en relaci\u00f3n con su salud.<\/p>\n","protected":false},"excerpt":{"rendered":"<p>El H. Ayuntamiento de Huamantla, en colaboraci\u00f3n con la Secretar\u00eda de Salud (SESA) del estado de Tlaxcala, y el Servicio Nacional de Salud P\u00fablica, hace un llamado a la ciudadan\u00eda en general para asistir a los \u00faltimos d\u00edas de la Segunda Jornada Nacional de Salud P\u00fablica, que concluir\u00e1 este viernes 17 de noviembre. Bajo el [&hellip;]<\/p>\n","protected":false},"author":2,"featured_media":2201,"comment_status":"open","ping_status":"open","sticky":false,"template":"","format":"standard","meta":{"_themeisle_gutenberg_block_has_review":false,"footnotes":""},"categories":[26],"tags":[959,31,960,958],"class_list":["post-2200","post","type-post","status-publish","format-standard","has-post-thumbnail","hentry","category-municipio","tag-campana-de-vacunacion","tag-huamantla","tag-semana-nacional-de-salud","tag-vacunacion"],"_links":{"self":[{"href":"https:\/\/enminutostlx.com\/index.php?rest_route=\/wp\/v2\/posts\/2200","targetHints":{"allow":["GET"]}}],"collection":[{"href":"https:\/\/enminutostlx.com\/index.php?rest_route=\/wp\/v2\/posts"}],"about":[{"href":"https:\/\/enminutostlx.com\/index.php?rest_route=\/wp\/v2\/types\/post"}],"author":[{"embeddable":true,"href":"https:\/\/enminutostlx.com\/index.php?rest_route=\/wp\/v2\/users\/2"}],"replies":[{"embeddable":true,"href":"https:\/\/enminutostlx.com\/index.php?rest_route=%2Fwp%2Fv2%2Fcomments&post=2200"}],"version-history":[{"count":1,"href":"https:\/\/enminutostlx.com\/index.php?rest_route=\/wp\/v2\/posts\/2200\/revisions"}],"predecessor-version":[{"id":2202,"href":"https:\/\/enminutostlx.com\/index.php?rest_route=\/wp\/v2\/posts\/2200\/revisions\/2202"}],"wp:featuredmedia":[{"embeddable":true,"href":"https:\/\/enminutostlx.com\/index.php?rest_route=\/wp\/v2\/media\/2201"}],"wp:attachment":[{"href":"https:\/\/enminutostlx.com\/index.php?rest_route=%2Fwp%2Fv2%2Fmedia&parent=2200"}],"wp:term":[{"taxonomy":"category","embeddable":true,"href":"https:\/\/enminutostlx.com\/index.php?rest_route=%2Fwp%2Fv2%2Fcategories&post=2200"},{"taxonomy":"post_tag","embeddable":true,"href":"https:\/\/enminutostlx.com\/index.php?rest_route=%2Fwp%2Fv2%2Ftags&post=2200"}],"curies":[{"name":"wp","href":"https:\/\/api.w.org\/{rel}","templated":true}]}}