{"id":2253,"date":"2023-11-21T01:28:38","date_gmt":"2023-11-21T01:28:38","guid":{"rendered":"https:\/\/enminutostlx.com\/?p=2253"},"modified":"2023-11-27T22:56:43","modified_gmt":"2023-11-27T22:56:43","slug":"tequexquitla-continuan-acciones-en-pro-de-la-seguridad-en-el-carmen-tequexquitla","status":"publish","type":"post","link":"https:\/\/enminutostlx.com\/?p=2253","title":{"rendered":"Tequexquitla &#8211; Contin\u00faan acciones en pro de la seguridad en El Carmen Tequexquitla."},"content":{"rendered":"\n<p>Dando seguimiento y continuidad a las propuestas planteadas por la Alcaldesa Araceli Mart\u00ednez Cortez sobre la seguridad en el municipio en la reuni\u00f3n por la Paz, la Secretar\u00eda de la Defensa Nacional, Guard\u00eda Nacional y La Direcci\u00f3n de Seguridad P\u00fablica implementan &#8220;Controles Preventivos Provisionales&#8221; sobre la v\u00eda Federal.<\/p>\n\n\n\n<p>En estos operativos se tiene como objetivo corregir anomal\u00edas en este paso, verificando la informaci\u00f3n de las personas y de sus vehiculos.<\/p>\n\n\n\n<p>Dicha actividad ser\u00e1 frecuente para garantizar la seguridad Vial en esta zona.<\/p>\n","protected":false},"excerpt":{"rendered":"<p>Dando seguimiento y continuidad a las propuestas planteadas por la Alcaldesa Araceli Mart\u00ednez Cortez sobre la seguridad en el municipio en la reuni\u00f3n por la Paz, la Secretar\u00eda de la Defensa Nacional, Guard\u00eda Nacional y La Direcci\u00f3n de Seguridad P\u00fablica implementan &#8220;Controles Preventivos Provisionales&#8221; sobre la v\u00eda Federal. En estos operativos se tiene como objetivo [&hellip;]<\/p>\n","protected":false},"author":2,"featured_media":2254,"comment_status":"open","ping_status":"open","sticky":false,"template":"","format":"standard","meta":{"_themeisle_gutenberg_block_has_review":false,"footnotes":""},"categories":[26],"tags":[79,42,359],"class_list":["post-2253","post","type-post","status-publish","format-standard","has-post-thumbnail","hentry","category-municipio","tag-acciones","tag-seguridad","tag-tequexquitla"],"_links":{"self":[{"href":"https:\/\/enminutostlx.com\/index.php?rest_route=\/wp\/v2\/posts\/2253","targetHints":{"allow":["GET"]}}],"collection":[{"href":"https:\/\/enminutostlx.com\/index.php?rest_route=\/wp\/v2\/posts"}],"about":[{"href":"https:\/\/enminutostlx.com\/index.php?rest_route=\/wp\/v2\/types\/post"}],"author":[{"embeddable":true,"href":"https:\/\/enminutostlx.com\/index.php?rest_route=\/wp\/v2\/users\/2"}],"replies":[{"embeddable":true,"href":"https:\/\/enminutostlx.com\/index.php?rest_route=%2Fwp%2Fv2%2Fcomments&post=2253"}],"version-history":[{"count":1,"href":"https:\/\/enminutostlx.com\/index.php?rest_route=\/wp\/v2\/posts\/2253\/revisions"}],"predecessor-version":[{"id":2255,"href":"https:\/\/enminutostlx.com\/index.php?rest_route=\/wp\/v2\/posts\/2253\/revisions\/2255"}],"wp:featuredmedia":[{"embeddable":true,"href":"https:\/\/enminutostlx.com\/index.php?rest_route=\/wp\/v2\/media\/2254"}],"wp:attachment":[{"href":"https:\/\/enminutostlx.com\/index.php?rest_route=%2Fwp%2Fv2%2Fmedia&parent=2253"}],"wp:term":[{"taxonomy":"category","embeddable":true,"href":"https:\/\/enminutostlx.com\/index.php?rest_route=%2Fwp%2Fv2%2Fcategories&post=2253"},{"taxonomy":"post_tag","embeddable":true,"href":"https:\/\/enminutostlx.com\/index.php?rest_route=%2Fwp%2Fv2%2Ftags&post=2253"}],"curies":[{"name":"wp","href":"https:\/\/api.w.org\/{rel}","templated":true}]}}