{"id":2379,"date":"2024-01-03T18:21:42","date_gmt":"2024-01-03T18:21:42","guid":{"rendered":"https:\/\/enminutostlx.com\/?p=2379"},"modified":"2024-01-03T18:21:42","modified_gmt":"2024-01-03T18:21:42","slug":"disfruta-del-programa-cultural-dominguearte-en-la-aldea-magica-2023","status":"publish","type":"post","link":"https:\/\/enminutostlx.com\/?p=2379","title":{"rendered":"DISFRUTA DEL PROGRAMA CULTURAL \u201cDOMINGUEARTE\u201d EN LA ALDEA M\u00c1GICA 2023"},"content":{"rendered":"\n<p><\/p>\n\n\n\n<p>El H. Ayuntamiento de Huamantla a trav\u00e9s de la Coordinaci\u00f3n de Cultura, invita a toda la ciudadan\u00eda a asistir al programa cultural&nbsp;&nbsp;\u201cDominguearte\u201d de la Aldea M\u00e1gica 2023, que tendr\u00e1 lugar en el Parque Ju\u00e1rez, donde las familias podr\u00e1n disfrutar de diversas actividades art\u00edsticas y culturales.&nbsp;<\/p>\n\n\n\n<p>Durante este domingo 10 de diciembre, a partir de las 13:00 horas, comenzar\u00e1 con el taller de ajedrez, un juego de mesa que est\u00e1 dirigido para todas las edades, as\u00ed como el taller de pintura infantil. &nbsp;&nbsp;<\/p>\n\n\n\n<p>M\u00e1s tarde y en punto de las 15:00 horas, la coordinaci\u00f3n de Juventud llevar\u00e1 a cabo el Concurso de Pi\u00f1atas y Galletas de Jengibre.&nbsp;<\/p>\n\n\n\n<p>A las 16:00 horas, en el escenario principal de la Aldea M\u00e1gica, estar\u00e1 Karol Yassel, quien con su m\u00fasica vers\u00e1til pondr\u00e1 a bailar a los asistentes.&nbsp;<\/p>\n\n\n\n<p>Autoridades municipales se\u00f1alan que&nbsp;durante estas fechas especiales, este programa seguir\u00e1 ofreciendo, a trav\u00e9s de las expresiones art\u00edsticas y culturales, espacios de recreaci\u00f3n y convivencia familiar para pasar una temporada llena de alegr\u00eda y diversi\u00f3n.<\/p>\n","protected":false},"excerpt":{"rendered":"<p>El H. Ayuntamiento de Huamantla a trav\u00e9s de la Coordinaci\u00f3n de Cultura, invita a toda la ciudadan\u00eda a asistir al programa cultural&nbsp;&nbsp;\u201cDominguearte\u201d de la Aldea M\u00e1gica 2023, que tendr\u00e1 lugar en el Parque Ju\u00e1rez, donde las familias podr\u00e1n disfrutar de diversas actividades art\u00edsticas y culturales.&nbsp; Durante este domingo 10 de diciembre, a partir de las [&hellip;]<\/p>\n","protected":false},"author":2,"featured_media":2380,"comment_status":"open","ping_status":"open","sticky":false,"template":"","format":"standard","meta":{"_themeisle_gutenberg_block_has_review":false,"footnotes":""},"categories":[26],"tags":[239,142],"class_list":["post-2379","post","type-post","status-publish","format-standard","has-post-thumbnail","hentry","category-municipio","tag-dominguearte","tag-programa"],"_links":{"self":[{"href":"https:\/\/enminutostlx.com\/index.php?rest_route=\/wp\/v2\/posts\/2379","targetHints":{"allow":["GET"]}}],"collection":[{"href":"https:\/\/enminutostlx.com\/index.php?rest_route=\/wp\/v2\/posts"}],"about":[{"href":"https:\/\/enminutostlx.com\/index.php?rest_route=\/wp\/v2\/types\/post"}],"author":[{"embeddable":true,"href":"https:\/\/enminutostlx.com\/index.php?rest_route=\/wp\/v2\/users\/2"}],"replies":[{"embeddable":true,"href":"https:\/\/enminutostlx.com\/index.php?rest_route=%2Fwp%2Fv2%2Fcomments&post=2379"}],"version-history":[{"count":1,"href":"https:\/\/enminutostlx.com\/index.php?rest_route=\/wp\/v2\/posts\/2379\/revisions"}],"predecessor-version":[{"id":2381,"href":"https:\/\/enminutostlx.com\/index.php?rest_route=\/wp\/v2\/posts\/2379\/revisions\/2381"}],"wp:featuredmedia":[{"embeddable":true,"href":"https:\/\/enminutostlx.com\/index.php?rest_route=\/wp\/v2\/media\/2380"}],"wp:attachment":[{"href":"https:\/\/enminutostlx.com\/index.php?rest_route=%2Fwp%2Fv2%2Fmedia&parent=2379"}],"wp:term":[{"taxonomy":"category","embeddable":true,"href":"https:\/\/enminutostlx.com\/index.php?rest_route=%2Fwp%2Fv2%2Fcategories&post=2379"},{"taxonomy":"post_tag","embeddable":true,"href":"https:\/\/enminutostlx.com\/index.php?rest_route=%2Fwp%2Fv2%2Ftags&post=2379"}],"curies":[{"name":"wp","href":"https:\/\/api.w.org\/{rel}","templated":true}]}}