{"id":2382,"date":"2024-01-03T18:26:53","date_gmt":"2024-01-03T18:26:53","guid":{"rendered":"https:\/\/enminutostlx.com\/?p=2382"},"modified":"2024-01-03T18:26:53","modified_gmt":"2024-01-03T18:26:53","slug":"se-desborda-la-emocion-y-alegria-en-huamantla-con-la-inauguracion-de-la-aldea-magica-2023","status":"publish","type":"post","link":"https:\/\/enminutostlx.com\/?p=2382","title":{"rendered":"SE DESBORDA LA EMOCI\u00d3N Y ALEGR\u00cdA EN HUAMANTLA CON LA INAUGURACI\u00d3N DE LA \u201cALDEA M\u00c1GICA 2023\u201d"},"content":{"rendered":"\n<p><\/p>\n\n\n\n<ul class=\"wp-block-list\">\n<li><em>Disfrutan cientos de familias una noche llena de emoci\u00f3n, con espect\u00e1culos circenses, art\u00edsticas en un ambiente decembrino.<\/em><\/li>\n<\/ul>\n\n\n\n<p>De manera exitosa y espectacular, el presidente municipal de Huamantla, Salvador Santos Cedillo, inaugur\u00f3 la tercera edici\u00f3n de la \u201cAldea M\u00e1gica 2023\u201d, donde cientos de familias y visitantes acudieron esta noche, a la explanada del Parque Ju\u00e1rez, para disfrutar momentos \u00fanicos e inolvidables.&nbsp;<\/p>\n\n\n\n<p>A partir de esta noche, Huamantla se ilumina y brilla de manera especial y m\u00e1gica, copos de nieve inundaron el recinto cuando el Edil Salvador Santos, realiz\u00f3 el encendido del monumental \u00e1rbol de navidad; ah\u00ed, dijo sentirse contento de realizar por tercera ocasi\u00f3n este evento donde cada a\u00f1o se mejora, para hacerlo cada vez m\u00e1s atractivo, toda vez que esta iniciativa naci\u00f3 para recuperar la econom\u00eda de las y los huamantlecos, tras dos a\u00f1os de pandemia.<\/p>\n\n\n\n<p>\u201cNunca antes se hab\u00eda hecho este tipo de actividades que atraen a turistas locales, nacionales e internacionales; de ah\u00ed, que en cada edici\u00f3n se aporta m\u00e1s y mejores cosas para disfrute de los propios habitantes\u201d.<\/p>\n\n\n\n<p>Mencion\u00f3 que la navidad es una \u00e9poca muy importante de uni\u00f3n familiar, pero tambi\u00e9n de momentos de reflexi\u00f3n para ser mejores personas; adem\u00e1s, subray\u00f3 que su mayor deseo es que \u201cAldea M\u00e1gica\u201d se quede para siempre, para que las y los huamantlecos sigan disfrutando de los eventos en diciembre, y que se recupere el esp\u00edritu navide\u00f1o en los corazones de ni\u00f1os, j\u00f3venes y adultos, y con ello, tener un municipio pr\u00f3spero.&nbsp;<\/p>\n\n\n\n<p>Este evento decembrino que cautiv\u00f3 a chicos y grandes, inici\u00f3 por la tarde con el Desfile Navide\u00f1o que recorri\u00f3 las principales calles de la ciudad, con 26 vistosos carros aleg\u00f3ricos que fascinaron al portar luces multicolores y vestidos con motivos navide\u00f1os, adem\u00e1s de la presencia de personajes alusivos a la temporada decembrina, quienes fueron repartiendo a su paso dulces a las familias.&nbsp;&nbsp;<\/p>\n\n\n\n<p>La alegr\u00eda y la emoci\u00f3n se desbord\u00f3 cuando el alcalde hizo el encendido monumental del \u00e1rbol de navidad en la explanada del Parque Ju\u00e1rez, donde todo el z\u00f3calo se ilumin\u00f3 y pint\u00f3 de colores navide\u00f1os, recreando as\u00ed un paisaje de ensue\u00f1o al tener bastones con destellos, una macro pi\u00f1ata y el tradicional nacimiento, un caballo dorado y otros adornos que dieron luz a este Pueblo M\u00e1gico.&nbsp;<\/p>\n\n\n\n<p>Posteriormente, en el Parque Ju\u00e1rez se hizo la presentaci\u00f3n del circo \u201cLa Navidad de Santa Claus\u201d, siguiendo con la proyecci\u00f3n del Videomapping en la fachada de Palacio Municipal.&nbsp; &nbsp;<\/p>\n\n\n\n<p>Ya para cerrar con broche de oro esta noche de \u201cAldea M\u00e1gica 2023\u201d, se tuvo la presentaci\u00f3n art\u00edstica de Kika Edgar, quien deleit\u00f3 y despert\u00f3 el esp\u00edritu navide\u00f1o con sus temas como: \u201cTal vez\u201d, \u201cToda una vida\u201d, \u201cSe\u00f1or Amante\u201d, \u201c\u00d3diame\u201d, entre otras canciones.<\/p>\n\n\n\n<p>Finalmente, el presidente Salvador Santos Cedillo, hizo una invitaci\u00f3n para que difundan entre amigos, familia y conocidos que visiten Huamantla, ya que cuenta con una riqueza cultural y gastron\u00f3mica.<\/p>\n\n\n\n<p>Es importante seguir la cuenta de Facebook del H. Ayuntamiento, que es @huamgob; as\u00ed como la cuenta personal del presidente municipal, que es @ChavaSantos, para conocer el programa de actividades de la \u201cAldea M\u00e1gica 2023\u201d, que concluye el pr\u00f3ximo 7 de enero.<\/p>\n","protected":false},"excerpt":{"rendered":"<p>De manera exitosa y espectacular, el presidente municipal de Huamantla, Salvador Santos Cedillo, inaugur\u00f3 la tercera edici\u00f3n de la \u201cAldea M\u00e1gica 2023\u201d, donde cientos de familias y visitantes acudieron esta noche, a la explanada del Parque Ju\u00e1rez, para disfrutar momentos \u00fanicos e inolvidables.&nbsp; A partir de esta noche, Huamantla se ilumina y brilla de manera [&hellip;]<\/p>\n","protected":false},"author":2,"featured_media":2383,"comment_status":"open","ping_status":"open","sticky":false,"template":"","format":"standard","meta":{"_themeisle_gutenberg_block_has_review":false,"footnotes":""},"categories":[26],"tags":[1003,31],"class_list":["post-2382","post","type-post","status-publish","format-standard","has-post-thumbnail","hentry","category-municipio","tag-aldea","tag-huamantla"],"_links":{"self":[{"href":"https:\/\/enminutostlx.com\/index.php?rest_route=\/wp\/v2\/posts\/2382","targetHints":{"allow":["GET"]}}],"collection":[{"href":"https:\/\/enminutostlx.com\/index.php?rest_route=\/wp\/v2\/posts"}],"about":[{"href":"https:\/\/enminutostlx.com\/index.php?rest_route=\/wp\/v2\/types\/post"}],"author":[{"embeddable":true,"href":"https:\/\/enminutostlx.com\/index.php?rest_route=\/wp\/v2\/users\/2"}],"replies":[{"embeddable":true,"href":"https:\/\/enminutostlx.com\/index.php?rest_route=%2Fwp%2Fv2%2Fcomments&post=2382"}],"version-history":[{"count":1,"href":"https:\/\/enminutostlx.com\/index.php?rest_route=\/wp\/v2\/posts\/2382\/revisions"}],"predecessor-version":[{"id":2384,"href":"https:\/\/enminutostlx.com\/index.php?rest_route=\/wp\/v2\/posts\/2382\/revisions\/2384"}],"wp:featuredmedia":[{"embeddable":true,"href":"https:\/\/enminutostlx.com\/index.php?rest_route=\/wp\/v2\/media\/2383"}],"wp:attachment":[{"href":"https:\/\/enminutostlx.com\/index.php?rest_route=%2Fwp%2Fv2%2Fmedia&parent=2382"}],"wp:term":[{"taxonomy":"category","embeddable":true,"href":"https:\/\/enminutostlx.com\/index.php?rest_route=%2Fwp%2Fv2%2Fcategories&post=2382"},{"taxonomy":"post_tag","embeddable":true,"href":"https:\/\/enminutostlx.com\/index.php?rest_route=%2Fwp%2Fv2%2Ftags&post=2382"}],"curies":[{"name":"wp","href":"https:\/\/api.w.org\/{rel}","templated":true}]}}