{"id":2385,"date":"2024-01-03T18:27:59","date_gmt":"2024-01-03T18:27:59","guid":{"rendered":"https:\/\/enminutostlx.com\/?p=2385"},"modified":"2024-01-03T18:27:59","modified_gmt":"2024-01-03T18:27:59","slug":"continua-policia-de-huamantla-y-sedena-con-operativos-de-seguridad-para-mantener-la-paz-social","status":"publish","type":"post","link":"https:\/\/enminutostlx.com\/?p=2385","title":{"rendered":"CONTIN\u00daA POLIC\u00cdA DE HUAMANTLA Y SEDENA CON OPERATIVOS DE SEGURIDAD PARA MANTENER LA PAZ SOCIAL"},"content":{"rendered":"\n<p><\/p>\n\n\n\n<ul class=\"wp-block-list\">\n<li><em>Con saldo blanco result\u00f3 este recorrido por diferentes comunidades del municipio.<\/em><\/li>\n<\/ul>\n\n\n\n<p>A fin de mantener la paz social e inhibir la comisi\u00f3n de actos delictivos, elementos de la Direcci\u00f3n de Seguridad P\u00fablica de Huamantla, en acci\u00f3n coordinada con personal de la Secretar\u00eda de la Defensa Nacional (Sedena), realizaron este d\u00eda un operativo en las diferentes comunidades y cabecera del municipio, resultando con saldo blanco.<\/p>\n\n\n\n<p>Fue en las comunidades de Ignacio Zaragoza, Benito Ju\u00e1rez, Francisco Villa Tecoac, Hermenegildo Galeana, el Carmen Xalpatlahuaya y L\u00e1zaro C\u00e1rdenas, donde el personal de ambas instancias realiz\u00f3 patrullaje de seguridad y vigilancia en caminos, calles y avenidas, esto como parte del operativo de \u201cAldea M\u00e1gica\u201d.<\/p>\n\n\n\n<p>A este despliegue policiaco, se le sum\u00f3 el Grupo de Operaciones Especiales (GOPES) de la polic\u00eda municipal, los cuales con sus recorridos en comunidades, lograron prevenir conductas que afectan la estabilidad social de la poblaci\u00f3n.<\/p>\n\n\n\n<p>Con estas acciones, el gobierno municipal que encabeza Salvador Santos Cedillo, fortalece la estrategia de seguridad para continuar siendo uno de los municipios m\u00e1s seguros del estado, para garantizar bienestar en sus habitantes y crecimiento econ\u00f3mico para el sector empresarial.<\/p>\n","protected":false},"excerpt":{"rendered":"<p>A fin de mantener la paz social e inhibir la comisi\u00f3n de actos delictivos, elementos de la Direcci\u00f3n de Seguridad P\u00fablica de Huamantla, en acci\u00f3n coordinada con personal de la Secretar\u00eda de la Defensa Nacional (Sedena), realizaron este d\u00eda un operativo en las diferentes comunidades y cabecera del municipio, resultando con saldo blanco. Fue en [&hellip;]<\/p>\n","protected":false},"author":2,"featured_media":2386,"comment_status":"open","ping_status":"open","sticky":false,"template":"","format":"standard","meta":{"_themeisle_gutenberg_block_has_review":false,"footnotes":""},"categories":[26],"tags":[31,48,1012],"class_list":["post-2385","post","type-post","status-publish","format-standard","has-post-thumbnail","hentry","category-municipio","tag-huamantla","tag-policia","tag-sedena"],"_links":{"self":[{"href":"https:\/\/enminutostlx.com\/index.php?rest_route=\/wp\/v2\/posts\/2385","targetHints":{"allow":["GET"]}}],"collection":[{"href":"https:\/\/enminutostlx.com\/index.php?rest_route=\/wp\/v2\/posts"}],"about":[{"href":"https:\/\/enminutostlx.com\/index.php?rest_route=\/wp\/v2\/types\/post"}],"author":[{"embeddable":true,"href":"https:\/\/enminutostlx.com\/index.php?rest_route=\/wp\/v2\/users\/2"}],"replies":[{"embeddable":true,"href":"https:\/\/enminutostlx.com\/index.php?rest_route=%2Fwp%2Fv2%2Fcomments&post=2385"}],"version-history":[{"count":1,"href":"https:\/\/enminutostlx.com\/index.php?rest_route=\/wp\/v2\/posts\/2385\/revisions"}],"predecessor-version":[{"id":2387,"href":"https:\/\/enminutostlx.com\/index.php?rest_route=\/wp\/v2\/posts\/2385\/revisions\/2387"}],"wp:featuredmedia":[{"embeddable":true,"href":"https:\/\/enminutostlx.com\/index.php?rest_route=\/wp\/v2\/media\/2386"}],"wp:attachment":[{"href":"https:\/\/enminutostlx.com\/index.php?rest_route=%2Fwp%2Fv2%2Fmedia&parent=2385"}],"wp:term":[{"taxonomy":"category","embeddable":true,"href":"https:\/\/enminutostlx.com\/index.php?rest_route=%2Fwp%2Fv2%2Fcategories&post=2385"},{"taxonomy":"post_tag","embeddable":true,"href":"https:\/\/enminutostlx.com\/index.php?rest_route=%2Fwp%2Fv2%2Ftags&post=2385"}],"curies":[{"name":"wp","href":"https:\/\/api.w.org\/{rel}","templated":true}]}}