{"id":2436,"date":"2024-01-03T18:50:05","date_gmt":"2024-01-03T18:50:05","guid":{"rendered":"https:\/\/enminutostlx.com\/?p=2436"},"modified":"2024-01-03T18:50:05","modified_gmt":"2024-01-03T18:50:05","slug":"supervisa-salvador-santos-cedillo-circuito-del-encierro-huamantla","status":"publish","type":"post","link":"https:\/\/enminutostlx.com\/?p=2436","title":{"rendered":"SUPERVISA SALVADOR SANTOS CEDILLO CIRCUITO DEL ENCIERRO HUAMANTLA"},"content":{"rendered":"\n<p><\/p>\n\n\n\n<p>Previo a que se escuche el primer cohet\u00f3n con el que se anuncia el inicio del Encierro de Toros de la \u201cAldea M\u00e1gica Huamantla 2023\u201d, el presidente municipal, Salvador Santos Cedillo, supervis\u00f3 que todo est\u00e9 listo para este evento hist\u00f3rico.<\/p>\n\n\n\n<p>Acompa\u00f1ado de personal de Protecci\u00f3n Civil de Huamantla, recorri\u00f3 lo m\u00e1s de 650 metros por donde correr\u00e1n los astados y los mozos.<\/p>\n\n\n\n<p>A trav\u00e9s de sus redes sociales, el edil escribi\u00f3: \u201cYa estamos supervisando que todo est\u00e9 listo en el circuito del gran Encierro de #Toros de la Aldea M\u00e1gica Huamantla 2023. \ud83c\udfc3\u200d\u2640\ufe0f \ud83c\udfc3\u200d\u2642\ufe0f \ud83d\udc02&nbsp;&nbsp;\u00bfest\u00e1n listos? Como espectadores hay que hacer nuestra parte tambi\u00e9n, seguir las reglas e indicaciones del personal de seguridad, as\u00ed como mantener el orden y la paz para disfrutar al m\u00e1ximo este evento de la tercera edici\u00f3n de #AldeaM\u00e1gica\u201d.&nbsp;<\/p>\n\n\n\n<p>Este evento est\u00e1 programado a las 10 de la ma\u00f1ana y se espera una cantidad importante de asistentes, por lo que se ha desplegado un amplio operativo de seguridad coordinado con los tres niveles de gobierno.<\/p>\n\n\n\n<p>Finalmente, las autoridades municipales informan que este encierro tambi\u00e9n ser\u00e1 transmitido a trav\u00e9s de la p\u00e1gina del presidente municipal @ChavaSantos, para que nadie se quede sin verlo.<\/p>\n","protected":false},"excerpt":{"rendered":"<p>Previo a que se escuche el primer cohet\u00f3n con el que se anuncia el inicio del Encierro de Toros de la \u201cAldea M\u00e1gica Huamantla 2023\u201d, el presidente municipal, Salvador Santos Cedillo, supervis\u00f3 que todo est\u00e9 listo para este evento hist\u00f3rico. Acompa\u00f1ado de personal de Protecci\u00f3n Civil de Huamantla, recorri\u00f3 lo m\u00e1s de 650 metros por [&hellip;]<\/p>\n","protected":false},"author":2,"featured_media":2437,"comment_status":"open","ping_status":"open","sticky":false,"template":"","format":"standard","meta":{"_themeisle_gutenberg_block_has_review":false,"footnotes":""},"categories":[26],"tags":[1024,1027,1026],"class_list":["post-2436","post","type-post","status-publish","format-standard","has-post-thumbnail","hentry","category-municipio","tag-huamnatla","tag-santos","tag-supervisa"],"_links":{"self":[{"href":"https:\/\/enminutostlx.com\/index.php?rest_route=\/wp\/v2\/posts\/2436","targetHints":{"allow":["GET"]}}],"collection":[{"href":"https:\/\/enminutostlx.com\/index.php?rest_route=\/wp\/v2\/posts"}],"about":[{"href":"https:\/\/enminutostlx.com\/index.php?rest_route=\/wp\/v2\/types\/post"}],"author":[{"embeddable":true,"href":"https:\/\/enminutostlx.com\/index.php?rest_route=\/wp\/v2\/users\/2"}],"replies":[{"embeddable":true,"href":"https:\/\/enminutostlx.com\/index.php?rest_route=%2Fwp%2Fv2%2Fcomments&post=2436"}],"version-history":[{"count":1,"href":"https:\/\/enminutostlx.com\/index.php?rest_route=\/wp\/v2\/posts\/2436\/revisions"}],"predecessor-version":[{"id":2438,"href":"https:\/\/enminutostlx.com\/index.php?rest_route=\/wp\/v2\/posts\/2436\/revisions\/2438"}],"wp:featuredmedia":[{"embeddable":true,"href":"https:\/\/enminutostlx.com\/index.php?rest_route=\/wp\/v2\/media\/2437"}],"wp:attachment":[{"href":"https:\/\/enminutostlx.com\/index.php?rest_route=%2Fwp%2Fv2%2Fmedia&parent=2436"}],"wp:term":[{"taxonomy":"category","embeddable":true,"href":"https:\/\/enminutostlx.com\/index.php?rest_route=%2Fwp%2Fv2%2Fcategories&post=2436"},{"taxonomy":"post_tag","embeddable":true,"href":"https:\/\/enminutostlx.com\/index.php?rest_route=%2Fwp%2Fv2%2Ftags&post=2436"}],"curies":[{"name":"wp","href":"https:\/\/api.w.org\/{rel}","templated":true}]}}