{"id":2494,"date":"2023-12-16T21:40:43","date_gmt":"2023-12-16T21:40:43","guid":{"rendered":"https:\/\/enminutostlx.com\/?p=2494"},"modified":"2024-01-03T21:43:37","modified_gmt":"2024-01-03T21:43:37","slug":"invita-presidente-de-cuapiaxtla-a-eventos-navidenos","status":"publish","type":"post","link":"https:\/\/enminutostlx.com\/?p=2494","title":{"rendered":"Invita presidente de Cuapiaxtla a eventos navide\u00f1os."},"content":{"rendered":"\n<p>\u00a1Te esperamos ma\u00f1ana a partir de las 07:00 p.m!<\/p>\n\n\n\n<p>Acomp\u00e1\u00f1anos al encendido de \u00e1rbol y todo lo que tenemos para ti y tu familia. <img decoding=\"async\" alt=\"\u2728\" src=\"https:\/\/static.xx.fbcdn.net\/images\/emoji.php\/v9\/tf4\/1\/16\/2728.png\"><img decoding=\"async\" alt=\"\u2744\ufe0f\" src=\"https:\/\/static.xx.fbcdn.net\/images\/emoji.php\/v9\/t2e\/1\/16\/2744.png\"><img decoding=\"async\" alt=\"\ud83c\udf84\" src=\"https:\/\/static.xx.fbcdn.net\/images\/emoji.php\/v9\/t7\/1\/16\/1f384.png\"><\/p>\n\n\n\n<p>Vivamos juntos la magia de las fechas decembrinas en <a href=\"https:\/\/www.facebook.com\/hashtag\/cuapiaxtla?__eep__=6&amp;__cft__[0]=AZWlVAlxti0M3gDnsuzwymkTYFg9I529z6vbpImVEaRXhkYONkGcGPAkcBa0fsmf83OFPc6Zf_kCjFTRT-eZOeXjwlluA7xzonoSJ2-51DpnTcmgc_iInrI3HoUP_WLBGdutR0mMzcM7NEmH9rHy1xyhOKrPCuPHtNhRbtdWMNkfPVv5jyMJUe3uQzHVgoPo4Gk&amp;__tn__=*NK-R\">#Cuapiaxtla<\/a>.<\/p>\n","protected":false},"excerpt":{"rendered":"<p>\u00a1Te esperamos ma\u00f1ana a partir de las 07:00 p.m! Acomp\u00e1\u00f1anos al encendido de \u00e1rbol y todo lo que tenemos para ti y tu familia. Vivamos juntos la magia de las fechas decembrinas en #Cuapiaxtla.<\/p>\n","protected":false},"author":2,"featured_media":2495,"comment_status":"open","ping_status":"open","sticky":false,"template":"","format":"standard","meta":{"_themeisle_gutenberg_block_has_review":false,"footnotes":""},"categories":[26],"tags":[1041,530,1006],"class_list":["post-2494","post","type-post","status-publish","format-standard","has-post-thumbnail","hentry","category-municipio","tag-encendido","tag-eventos","tag-navidad"],"_links":{"self":[{"href":"https:\/\/enminutostlx.com\/index.php?rest_route=\/wp\/v2\/posts\/2494","targetHints":{"allow":["GET"]}}],"collection":[{"href":"https:\/\/enminutostlx.com\/index.php?rest_route=\/wp\/v2\/posts"}],"about":[{"href":"https:\/\/enminutostlx.com\/index.php?rest_route=\/wp\/v2\/types\/post"}],"author":[{"embeddable":true,"href":"https:\/\/enminutostlx.com\/index.php?rest_route=\/wp\/v2\/users\/2"}],"replies":[{"embeddable":true,"href":"https:\/\/enminutostlx.com\/index.php?rest_route=%2Fwp%2Fv2%2Fcomments&post=2494"}],"version-history":[{"count":1,"href":"https:\/\/enminutostlx.com\/index.php?rest_route=\/wp\/v2\/posts\/2494\/revisions"}],"predecessor-version":[{"id":2496,"href":"https:\/\/enminutostlx.com\/index.php?rest_route=\/wp\/v2\/posts\/2494\/revisions\/2496"}],"wp:featuredmedia":[{"embeddable":true,"href":"https:\/\/enminutostlx.com\/index.php?rest_route=\/wp\/v2\/media\/2495"}],"wp:attachment":[{"href":"https:\/\/enminutostlx.com\/index.php?rest_route=%2Fwp%2Fv2%2Fmedia&parent=2494"}],"wp:term":[{"taxonomy":"category","embeddable":true,"href":"https:\/\/enminutostlx.com\/index.php?rest_route=%2Fwp%2Fv2%2Fcategories&post=2494"},{"taxonomy":"post_tag","embeddable":true,"href":"https:\/\/enminutostlx.com\/index.php?rest_route=%2Fwp%2Fv2%2Ftags&post=2494"}],"curies":[{"name":"wp","href":"https:\/\/api.w.org\/{rel}","templated":true}]}}