{"id":2584,"date":"2024-01-31T04:28:14","date_gmt":"2024-01-31T04:28:14","guid":{"rendered":"https:\/\/enminutostlx.com\/?p=2584"},"modified":"2024-01-31T04:28:14","modified_gmt":"2024-01-31T04:28:14","slug":"realizara-condumex-reclutamiento-en-la-coordinacion-de-desarrollo-economico-de-huamantla","status":"publish","type":"post","link":"https:\/\/enminutostlx.com\/?p=2584","title":{"rendered":"REALIZAR\u00c1 CONDUMEX RECLUTAMIENTO EN LA COORDINACI\u00d3N DE DESARROLLO ECON\u00d3MICO DE HUAMANTLA"},"content":{"rendered":"\n<p>El H. Ayuntamiento de Huamantla, que preside Salvador Santos Cedillo, en colaboraci\u00f3n con la empresa Condumex, especializada en la producci\u00f3n de cables de extra alta tensi\u00f3n, anuncia que llevar\u00e1 a cabo un reclutamiento para contratar a ayudantes generales este viernes 19 de enero a las 9:00 horas.<\/p>\n\n\n\n<p>En ese sentido, la coordinadora de Desarrollo Econ\u00f3mico, Amada Acoltzi, destac\u00f3 el compromiso de la administraci\u00f3n de continuar trabajando coordinadamente con las empresas para generar oportunidades de empleo en el municipio.<\/p>\n\n\n\n<p>Para este reclutamiento, los interesados deber\u00e1n presentarse en las oficinas de la Coordinaci\u00f3n de Desarrollo Econ\u00f3mico y Comercio de Huamantla, ubicadas en bulevar Cuamanco esquina con Reforma S\/N.<\/p>\n\n\n\n<p>Para esta vacante, podr\u00e1n presentarse mujeres y hombres mayores de 18 a\u00f1os con disponibilidad para rolar turno, no es necesario tener experiencia; asimismo, deber\u00e1n llevar los siguientes documentos: RFC, n\u00famero de seguridad social, INE, comprobante de domicilio, comprobante de estudios, CURP, acta de nacimiento, 2 fotograf\u00edas tama\u00f1o infantil.<\/p>\n\n\n\n<p>Las autoridades municipales subrayan que estas acciones buscan acercar oportunidades laborales a las y los huamantlecos generando empleo, mejores ingresos y bienestar para sus familias.<\/p>\n","protected":false},"excerpt":{"rendered":"<p>El H. Ayuntamiento de Huamantla, que preside Salvador Santos Cedillo, en colaboraci\u00f3n con la empresa Condumex, especializada en la producci\u00f3n de cables de extra alta tensi\u00f3n, anuncia que llevar\u00e1 a cabo un reclutamiento para contratar a ayudantes generales este viernes 19 de enero a las 9:00 horas. En ese sentido, la coordinadora de Desarrollo Econ\u00f3mico, [&hellip;]<\/p>\n","protected":false},"author":2,"featured_media":2585,"comment_status":"open","ping_status":"open","sticky":false,"template":"","format":"standard","meta":{"_themeisle_gutenberg_block_has_review":false,"footnotes":""},"categories":[26],"tags":[1068,317,955],"class_list":["post-2584","post","type-post","status-publish","format-standard","has-post-thumbnail","hentry","category-municipio","tag-condumex","tag-feria-huamantla","tag-reclutamiento"],"_links":{"self":[{"href":"https:\/\/enminutostlx.com\/index.php?rest_route=\/wp\/v2\/posts\/2584","targetHints":{"allow":["GET"]}}],"collection":[{"href":"https:\/\/enminutostlx.com\/index.php?rest_route=\/wp\/v2\/posts"}],"about":[{"href":"https:\/\/enminutostlx.com\/index.php?rest_route=\/wp\/v2\/types\/post"}],"author":[{"embeddable":true,"href":"https:\/\/enminutostlx.com\/index.php?rest_route=\/wp\/v2\/users\/2"}],"replies":[{"embeddable":true,"href":"https:\/\/enminutostlx.com\/index.php?rest_route=%2Fwp%2Fv2%2Fcomments&post=2584"}],"version-history":[{"count":1,"href":"https:\/\/enminutostlx.com\/index.php?rest_route=\/wp\/v2\/posts\/2584\/revisions"}],"predecessor-version":[{"id":2586,"href":"https:\/\/enminutostlx.com\/index.php?rest_route=\/wp\/v2\/posts\/2584\/revisions\/2586"}],"wp:featuredmedia":[{"embeddable":true,"href":"https:\/\/enminutostlx.com\/index.php?rest_route=\/wp\/v2\/media\/2585"}],"wp:attachment":[{"href":"https:\/\/enminutostlx.com\/index.php?rest_route=%2Fwp%2Fv2%2Fmedia&parent=2584"}],"wp:term":[{"taxonomy":"category","embeddable":true,"href":"https:\/\/enminutostlx.com\/index.php?rest_route=%2Fwp%2Fv2%2Fcategories&post=2584"},{"taxonomy":"post_tag","embeddable":true,"href":"https:\/\/enminutostlx.com\/index.php?rest_route=%2Fwp%2Fv2%2Ftags&post=2584"}],"curies":[{"name":"wp","href":"https:\/\/api.w.org\/{rel}","templated":true}]}}