{"id":2742,"date":"2024-02-07T02:43:15","date_gmt":"2024-02-07T02:43:15","guid":{"rendered":"https:\/\/enminutostlx.com\/?p=2742"},"modified":"2024-02-28T04:44:33","modified_gmt":"2024-02-28T04:44:33","slug":"convive-salvador-santos-cedillo-con-familias-huamantlecas-para-celebrar-el-dia-de-la-candelaria","status":"publish","type":"post","link":"https:\/\/enminutostlx.com\/?p=2742","title":{"rendered":"CONVIVE SALVADOR SANTOS CEDILLO CON FAMILIAS HUAMANTLECAS PARA CELEBRAR EL D\u00cdA DE LA CANDELARIA"},"content":{"rendered":"\n<figure class=\"wp-block-image size-full is-resized\"><img loading=\"lazy\" decoding=\"async\" width=\"1024\" height=\"683\" src=\"https:\/\/enminutostlx.com\/wp-content\/uploads\/2024\/02\/tamal.jpg\" alt=\"\" class=\"wp-image-2743\" srcset=\"https:\/\/enminutostlx.com\/wp-content\/uploads\/2024\/02\/tamal.jpg 1024w, https:\/\/enminutostlx.com\/wp-content\/uploads\/2024\/02\/tamal-300x200.jpg 300w, https:\/\/enminutostlx.com\/wp-content\/uploads\/2024\/02\/tamal-768x512.jpg 768w, https:\/\/enminutostlx.com\/wp-content\/uploads\/2024\/02\/tamal-750x500.jpg 750w\" sizes=\"auto, (max-width: 1024px) 100vw, 1024px\" \/><\/figure>\n\n\n\n<p><\/p>\n\n\n\n<p>Para reafirmar las costumbres y tradiciones de las familias huamantlecas, el presidente municipal, Salvador Santos Cedillo, llev\u00f3 a cabo una verbena popular en la explanada de la Presidencia Municipal para celebrar el D\u00eda de la Candelaria.<\/p>\n\n\n\n<p>Encabezados por el Edil Salvador Santos, trabajadores del H. Ayuntamiento obsequiaron a decenas de familias los tradicionales tamales y atole, como parte de los festejos del 2 de febrero.<\/p>\n\n\n\n<p>Con un ambiente lleno de alegr\u00eda y entusiasmo se disfrut\u00f3 esta convivencia, que estuvo amenizada por la m\u00fasica del Mariachi Conquistador, que puso a cantar y bailar a los asistentes.<\/p>\n\n\n\n<p>Desde las 18:30 horas se reunieron familias, parejas y grupos de amigos, quienes conjuntamente con las autoridades municipales convivieron e hicieron presente una de las mayores tradiciones que da identidad a nuestro municipio.<\/p>\n","protected":false},"excerpt":{"rendered":"<p>Para reafirmar las costumbres y tradiciones de las familias huamantlecas, el presidente municipal, Salvador Santos Cedillo, llev\u00f3 a cabo una verbena popular en la explanada de la Presidencia Municipal para celebrar el D\u00eda de la Candelaria. Encabezados por el Edil Salvador Santos, trabajadores del H. Ayuntamiento obsequiaron a decenas de familias los tradicionales tamales y [&hellip;]<\/p>\n","protected":false},"author":2,"featured_media":0,"comment_status":"open","ping_status":"open","sticky":false,"template":"","format":"standard","meta":{"_themeisle_gutenberg_block_has_review":false,"footnotes":""},"categories":[26],"tags":[],"class_list":["post-2742","post","type-post","status-publish","format-standard","hentry","category-municipio"],"_links":{"self":[{"href":"https:\/\/enminutostlx.com\/index.php?rest_route=\/wp\/v2\/posts\/2742","targetHints":{"allow":["GET"]}}],"collection":[{"href":"https:\/\/enminutostlx.com\/index.php?rest_route=\/wp\/v2\/posts"}],"about":[{"href":"https:\/\/enminutostlx.com\/index.php?rest_route=\/wp\/v2\/types\/post"}],"author":[{"embeddable":true,"href":"https:\/\/enminutostlx.com\/index.php?rest_route=\/wp\/v2\/users\/2"}],"replies":[{"embeddable":true,"href":"https:\/\/enminutostlx.com\/index.php?rest_route=%2Fwp%2Fv2%2Fcomments&post=2742"}],"version-history":[{"count":1,"href":"https:\/\/enminutostlx.com\/index.php?rest_route=\/wp\/v2\/posts\/2742\/revisions"}],"predecessor-version":[{"id":2744,"href":"https:\/\/enminutostlx.com\/index.php?rest_route=\/wp\/v2\/posts\/2742\/revisions\/2744"}],"wp:attachment":[{"href":"https:\/\/enminutostlx.com\/index.php?rest_route=%2Fwp%2Fv2%2Fmedia&parent=2742"}],"wp:term":[{"taxonomy":"category","embeddable":true,"href":"https:\/\/enminutostlx.com\/index.php?rest_route=%2Fwp%2Fv2%2Fcategories&post=2742"},{"taxonomy":"post_tag","embeddable":true,"href":"https:\/\/enminutostlx.com\/index.php?rest_route=%2Fwp%2Fv2%2Ftags&post=2742"}],"curies":[{"name":"wp","href":"https:\/\/api.w.org\/{rel}","templated":true}]}}