{"id":2767,"date":"2024-02-12T03:46:21","date_gmt":"2024-02-12T03:46:21","guid":{"rendered":"https:\/\/enminutostlx.com\/?p=2767"},"modified":"2024-02-28T04:40:21","modified_gmt":"2024-02-28T04:40:21","slug":"familias-de-huamantla-fortaleceran-sus-habilidades-con-este-convenio-de-colaboracion-salvador-santos-cedillo","status":"publish","type":"post","link":"https:\/\/enminutostlx.com\/?p=2767","title":{"rendered":"FAMILIAS DE HUAMANTLA FORTALECER\u00c1N SUS HABILIDADES CON ESTE CONVENIO DE COLABORACI\u00d3N: SALVADOR SANTOS CEDILLO"},"content":{"rendered":"\n<figure class=\"wp-block-image size-large\"><img loading=\"lazy\" decoding=\"async\" width=\"1024\" height=\"682\" src=\"https:\/\/enminutostlx.com\/wp-content\/uploads\/2024\/02\/d62b1e9e-0442-4787-af23-c384ed18f8f5-1024x682.jpeg\" alt=\"\" class=\"wp-image-2768\" srcset=\"https:\/\/enminutostlx.com\/wp-content\/uploads\/2024\/02\/d62b1e9e-0442-4787-af23-c384ed18f8f5-1024x682.jpeg 1024w, https:\/\/enminutostlx.com\/wp-content\/uploads\/2024\/02\/d62b1e9e-0442-4787-af23-c384ed18f8f5-300x200.jpeg 300w, https:\/\/enminutostlx.com\/wp-content\/uploads\/2024\/02\/d62b1e9e-0442-4787-af23-c384ed18f8f5-768x512.jpeg 768w, https:\/\/enminutostlx.com\/wp-content\/uploads\/2024\/02\/d62b1e9e-0442-4787-af23-c384ed18f8f5-750x500.jpeg 750w, https:\/\/enminutostlx.com\/wp-content\/uploads\/2024\/02\/d62b1e9e-0442-4787-af23-c384ed18f8f5-1140x760.jpeg 1140w, https:\/\/enminutostlx.com\/wp-content\/uploads\/2024\/02\/d62b1e9e-0442-4787-af23-c384ed18f8f5.jpeg 1280w\" sizes=\"auto, (max-width: 1024px) 100vw, 1024px\" \/><\/figure>\n\n\n\n<p>El presidente municipal de Huamantla, Salvador Santos Cedillo, y el director general del Instituto de Capacitaci\u00f3n para el Trabajo (Icatlax), Juan Potrero Tizamitl, signaron este d\u00eda un convenio de colaboraci\u00f3n para brindar capacitaci\u00f3n laboral a sectores vulnerables del municipio.<\/p>\n\n\n\n<p>Fue en el sal\u00f3n de usos m\u00faltiples del Sistema Municipal para el Desarrollo Integral de la Familia (SMDIF) Huamantla, donde el alcalde Santos Cedillo, asegur\u00f3 que seguir\u00e1 trabajando de la mano con dependencias estatales para vincular a los habitantes de las 39 comunidades con los servicios de capacitaci\u00f3n que otorga el Instituto.<\/p>\n\n\n\n<p>\u201cCon este acuerdo la ciudadan\u00eda va a tener la gran oportunidad de tomar una gran variedad de cursos, lo que va a generar que haya una amplia oferta laboral para las y los huamantlecos que deseen superarse\u201d, dijo el Edil.<\/p>\n\n\n\n<p>Agreg\u00f3 que con esta actividad se fortalece m\u00e1s \u00e9l trabaj\u00f3 que viene llevando a cabo la administraci\u00f3n municipal, y que continuar\u00e1 sumando esfuerzos con el gobierno federal y estatal para generar bienestar en todos los sectores de la poblaci\u00f3n.<\/p>\n\n\n\n<p>En este sentido, resalt\u00f3 que el gobierno municipal a trav\u00e9s del SMDIF Huamantla, ha impartido de igual manera cursos de capacitaci\u00f3n a mujeres, donde gracias a su inter\u00e9s y desempe\u00f1o, se han entregado m\u00e1s de 100 m\u00e1quinas de coser de manera gratuita para impulsar el emprendimiento, y as\u00ed ayudar a la econom\u00eda de las familias.<\/p>\n\n\n\n<p>En su oportunidad, el titular del Icatlax, Juan Potrero Tizamitl, agradeci\u00f3 el apoyo de Santos Cedillo, para establecer este convenio que pondr\u00e1 a disposici\u00f3n de adultos mayores, personas con discapacidad, mujeres violentadas, y madres solteras, instrumentos para que puedan desempe\u00f1arse en una actividad econ\u00f3mica.<\/p>\n\n\n\n<p>Finalmente, el alcalde reconoci\u00f3 el trabajo que realiza el gobierno del estado, a trav\u00e9s del Icatlax, para acercar a la poblaci\u00f3n las herramientas necesarias para capacitarse en alguna \u00e1rea y encontrar una oportunidad laboral, o bien, emprender su propio negocio.<\/p>\n\n\n\n<p>Posteriormente, ambas autoridades firmaron el convenio de colaboraci\u00f3n, donde el DIF municipal ser\u00e1 el v\u00ednculo para que los sectores vulnerables puedan acceder de manera gratuita a tomar cursos de capacitaci\u00f3n para aprender un oficio y mejorar su calidad de vida.<\/p>\n","protected":false},"excerpt":{"rendered":"<p>El presidente municipal de Huamantla, Salvador Santos Cedillo, y el director general del Instituto de Capacitaci\u00f3n para el Trabajo (Icatlax), Juan Potrero Tizamitl, signaron este d\u00eda un convenio de colaboraci\u00f3n para brindar capacitaci\u00f3n laboral a sectores vulnerables del municipio. Fue en el sal\u00f3n de usos m\u00faltiples del Sistema Municipal para el Desarrollo Integral de la [&hellip;]<\/p>\n","protected":false},"author":2,"featured_media":0,"comment_status":"open","ping_status":"open","sticky":false,"template":"","format":"standard","meta":{"_themeisle_gutenberg_block_has_review":false,"footnotes":""},"categories":[1],"tags":[],"class_list":["post-2767","post","type-post","status-publish","format-standard","hentry","category-sin-categoria"],"_links":{"self":[{"href":"https:\/\/enminutostlx.com\/index.php?rest_route=\/wp\/v2\/posts\/2767","targetHints":{"allow":["GET"]}}],"collection":[{"href":"https:\/\/enminutostlx.com\/index.php?rest_route=\/wp\/v2\/posts"}],"about":[{"href":"https:\/\/enminutostlx.com\/index.php?rest_route=\/wp\/v2\/types\/post"}],"author":[{"embeddable":true,"href":"https:\/\/enminutostlx.com\/index.php?rest_route=\/wp\/v2\/users\/2"}],"replies":[{"embeddable":true,"href":"https:\/\/enminutostlx.com\/index.php?rest_route=%2Fwp%2Fv2%2Fcomments&post=2767"}],"version-history":[{"count":1,"href":"https:\/\/enminutostlx.com\/index.php?rest_route=\/wp\/v2\/posts\/2767\/revisions"}],"predecessor-version":[{"id":2769,"href":"https:\/\/enminutostlx.com\/index.php?rest_route=\/wp\/v2\/posts\/2767\/revisions\/2769"}],"wp:attachment":[{"href":"https:\/\/enminutostlx.com\/index.php?rest_route=%2Fwp%2Fv2%2Fmedia&parent=2767"}],"wp:term":[{"taxonomy":"category","embeddable":true,"href":"https:\/\/enminutostlx.com\/index.php?rest_route=%2Fwp%2Fv2%2Fcategories&post=2767"},{"taxonomy":"post_tag","embeddable":true,"href":"https:\/\/enminutostlx.com\/index.php?rest_route=%2Fwp%2Fv2%2Ftags&post=2767"}],"curies":[{"name":"wp","href":"https:\/\/api.w.org\/{rel}","templated":true}]}}