{"id":2793,"date":"2024-02-23T20:28:48","date_gmt":"2024-02-23T20:28:48","guid":{"rendered":"https:\/\/enminutostlx.com\/?p=2793"},"modified":"2024-02-28T04:39:49","modified_gmt":"2024-02-28T04:39:49","slug":"invita-ayuntamiento-de-huamantla-a-participar-en-la-jornada-visual-descubriendo-el-mundo-con-otros-ojos","status":"publish","type":"post","link":"https:\/\/enminutostlx.com\/?p=2793","title":{"rendered":"INVITA AYUNTAMIENTO DE HUAMANTLA A PARTICIPAR EN LA JORNADA VISUAL \u201cDESCUBRIENDO EL MUNDO CON OTROS OJOS\u201d"},"content":{"rendered":"\n<figure class=\"wp-block-image size-large\"><img loading=\"lazy\" decoding=\"async\" width=\"1024\" height=\"698\" src=\"https:\/\/enminutostlx.com\/wp-content\/uploads\/2024\/02\/bdb3f351-1fe1-41c2-b150-62a1c602b848-1024x698.jpg\" alt=\"\" class=\"wp-image-2794\" srcset=\"https:\/\/enminutostlx.com\/wp-content\/uploads\/2024\/02\/bdb3f351-1fe1-41c2-b150-62a1c602b848-1024x698.jpg 1024w, https:\/\/enminutostlx.com\/wp-content\/uploads\/2024\/02\/bdb3f351-1fe1-41c2-b150-62a1c602b848-300x205.jpg 300w, https:\/\/enminutostlx.com\/wp-content\/uploads\/2024\/02\/bdb3f351-1fe1-41c2-b150-62a1c602b848-768x524.jpg 768w, https:\/\/enminutostlx.com\/wp-content\/uploads\/2024\/02\/bdb3f351-1fe1-41c2-b150-62a1c602b848-750x512.jpg 750w, https:\/\/enminutostlx.com\/wp-content\/uploads\/2024\/02\/bdb3f351-1fe1-41c2-b150-62a1c602b848-1140x778.jpg 1140w, https:\/\/enminutostlx.com\/wp-content\/uploads\/2024\/02\/bdb3f351-1fe1-41c2-b150-62a1c602b848.jpg 1280w\" sizes=\"auto, (max-width: 1024px) 100vw, 1024px\" \/><\/figure>\n\n\n\n<p>Esta jornada est\u00e1 dirigida para estudiantes de 6 a 15 a\u00f1os.<\/p>\n\n\n\n<p>El H. Ayuntamiento de Huamantla, que encabeza Salvador Santos Cedillo, a trav\u00e9s de la Coordinaci\u00f3n de Juventud, invita a estudiantes del municipio a participar en la cuarta edici\u00f3n de la Jornada Visual \u201cDescubriendo al mundo con otros ojos\u201d.<\/p>\n\n\n\n<p>Autoridades municipales informan que esta Jornada est\u00e1 dirigida a ni\u00f1as y ni\u00f1os de 6 a 15 a\u00f1os de edad, a quienes se les realizar\u00e1 un examen de la vista y entrega de lentes gratuitos; lo anterior en coordinaci\u00f3n con Fundaci\u00f3n CLISA.<\/p>\n\n\n\n<p>La coordinadora de Juventud, Saraa\u00edn Montiel, refiri\u00f3 que la fecha de registro ser\u00e1 del 12 de febrero al 18 de marzo, por lo que las y los interesados deber\u00e1n registrarse en las oficinas de Juventud, ubicadas en bulevar Cuamanco esquina con Reforma S\/N; o bien, comunicarse al n\u00famero (247) 104-97-08. Pues el cupo ser\u00e1 limitado a 80 ni\u00f1os por d\u00eda.<\/p>\n\n\n\n<p>Finalmente, el presidente de Huamantla, Salvador Santos Cedillo, afirm\u00f3 que est\u00e1s entregas han permitido beneficiar a miles de estudiantes de la cabecera municipal y de las comunidades, mejorando su calidad de estudio y contribuyendo a su desarrollo y aprendizaje escolar.<\/p>\n","protected":false},"excerpt":{"rendered":"<p>Esta jornada est\u00e1 dirigida para estudiantes de 6 a 15 a\u00f1os. El H. Ayuntamiento de Huamantla, que encabeza Salvador Santos Cedillo, a trav\u00e9s de la Coordinaci\u00f3n de Juventud, invita a estudiantes del municipio a participar en la cuarta edici\u00f3n de la Jornada Visual \u201cDescubriendo al mundo con otros ojos\u201d. Autoridades municipales informan que esta Jornada [&hellip;]<\/p>\n","protected":false},"author":2,"featured_media":0,"comment_status":"open","ping_status":"open","sticky":false,"template":"","format":"standard","meta":{"_themeisle_gutenberg_block_has_review":false,"footnotes":""},"categories":[26],"tags":[31],"class_list":["post-2793","post","type-post","status-publish","format-standard","hentry","category-municipio","tag-huamantla"],"_links":{"self":[{"href":"https:\/\/enminutostlx.com\/index.php?rest_route=\/wp\/v2\/posts\/2793","targetHints":{"allow":["GET"]}}],"collection":[{"href":"https:\/\/enminutostlx.com\/index.php?rest_route=\/wp\/v2\/posts"}],"about":[{"href":"https:\/\/enminutostlx.com\/index.php?rest_route=\/wp\/v2\/types\/post"}],"author":[{"embeddable":true,"href":"https:\/\/enminutostlx.com\/index.php?rest_route=\/wp\/v2\/users\/2"}],"replies":[{"embeddable":true,"href":"https:\/\/enminutostlx.com\/index.php?rest_route=%2Fwp%2Fv2%2Fcomments&post=2793"}],"version-history":[{"count":1,"href":"https:\/\/enminutostlx.com\/index.php?rest_route=\/wp\/v2\/posts\/2793\/revisions"}],"predecessor-version":[{"id":2795,"href":"https:\/\/enminutostlx.com\/index.php?rest_route=\/wp\/v2\/posts\/2793\/revisions\/2795"}],"wp:attachment":[{"href":"https:\/\/enminutostlx.com\/index.php?rest_route=%2Fwp%2Fv2%2Fmedia&parent=2793"}],"wp:term":[{"taxonomy":"category","embeddable":true,"href":"https:\/\/enminutostlx.com\/index.php?rest_route=%2Fwp%2Fv2%2Fcategories&post=2793"},{"taxonomy":"post_tag","embeddable":true,"href":"https:\/\/enminutostlx.com\/index.php?rest_route=%2Fwp%2Fv2%2Ftags&post=2793"}],"curies":[{"name":"wp","href":"https:\/\/api.w.org\/{rel}","templated":true}]}}