{"id":2829,"date":"2024-02-23T21:00:05","date_gmt":"2024-02-23T21:00:05","guid":{"rendered":"https:\/\/enminutostlx.com\/?p=2829"},"modified":"2024-03-27T18:21:13","modified_gmt":"2024-03-27T18:21:13","slug":"firma-salvador-santos-cedillo-y-artesanos-de-huamantla-convenio-de-comodato-del-pabellon-artesanal","status":"publish","type":"post","link":"https:\/\/enminutostlx.com\/?p=2829","title":{"rendered":"FIRMA SALVADOR SANTOS CEDILLO Y ARTESANOS DE HUAMANTLA CONVENIO DE COMODATO DEL PABELL\u00d3N ARTESANAL"},"content":{"rendered":"\n<p><\/p>\n\n\n\n<p>El presidente municipal de Huamantla, Salvador Santos Cedillo, conjuntamente con autoridades del H. Ayuntamiento y el representante de los artesanos del municipio, llevaron a cabo la firma de convenio de comodato del Pabell\u00f3n Artesanal del Parque Ju\u00e1rez.<\/p>\n\n\n\n<p>En la ceremonia protocolaria, el alcalde Santos Cedillo, sostuvo que con esta acci\u00f3n los 45 artesanos que conforman este corredor, tendr\u00e1n certeza jur\u00eddica para que nadie los pueda mover de sus espacios y puedan continuar vendiendo las artesan\u00edas que elaboran con mucha dedicaci\u00f3n y talento.<\/p>\n\n\n\n<figure class=\"wp-block-image size-large\"><img loading=\"lazy\" decoding=\"async\" width=\"1024\" height=\"682\" src=\"https:\/\/enminutostlx.com\/wp-content\/uploads\/2024\/02\/7a34a0a7-7bdf-4432-8185-ea38e7cb00de-1024x682.jpg\" alt=\"\" class=\"wp-image-2830\" srcset=\"https:\/\/enminutostlx.com\/wp-content\/uploads\/2024\/02\/7a34a0a7-7bdf-4432-8185-ea38e7cb00de-1024x682.jpg 1024w, https:\/\/enminutostlx.com\/wp-content\/uploads\/2024\/02\/7a34a0a7-7bdf-4432-8185-ea38e7cb00de-300x200.jpg 300w, https:\/\/enminutostlx.com\/wp-content\/uploads\/2024\/02\/7a34a0a7-7bdf-4432-8185-ea38e7cb00de-768x512.jpg 768w, https:\/\/enminutostlx.com\/wp-content\/uploads\/2024\/02\/7a34a0a7-7bdf-4432-8185-ea38e7cb00de-750x500.jpg 750w, https:\/\/enminutostlx.com\/wp-content\/uploads\/2024\/02\/7a34a0a7-7bdf-4432-8185-ea38e7cb00de-1140x760.jpg 1140w, https:\/\/enminutostlx.com\/wp-content\/uploads\/2024\/02\/7a34a0a7-7bdf-4432-8185-ea38e7cb00de.jpg 1280w\" sizes=\"auto, (max-width: 1024px) 100vw, 1024px\" \/><\/figure>\n\n\n\n<p>El Edil Santos Cedillo afirm\u00f3 que este proyecto fue posible gracias a la colaboraci\u00f3n de los artesanos, quienes han demostrado inter\u00e9s en crear un lugar especial para los huamantlecos y para el turismo, mismo que se ha modernizado con la entrega de carretas con imagen homologada, adem\u00e1s de que ya pueden realizar la venta de sus productos con tarjetas de cr\u00e9dito y d\u00e9bito.<\/p>\n\n\n\n<p>\u201cDesde el primer d\u00eda como presidente municipal fue un anhelo que Huamantla destacara a nivel nacional e internacional y lo hemos logrado, pero a\u00fan tenemos muchos proyectos y trabajo por realizar en beneficio de este Pueblo M\u00e1gico, para que los logros obtenidos hasta ahorita no cambien\u201d, refiri\u00f3.<\/p>\n\n\n\n<p>En su intervenci\u00f3n, el representante de los artesanos, Jos\u00e9 Luis Ram\u00edrez Mac\u00edas, agradeci\u00f3 al alcalde el apoyo brindado, y asegur\u00f3 que gracias a las carretas tur\u00edsticas, se mejor\u00f3 la imagen de este sector y del Parque Ju\u00e1rez, adem\u00e1s de las facilidades otorgadas para ampliar su horario de exposici\u00f3n y venta de artesan\u00edas.<\/p>\n\n\n\n<p>Por su parte, el se\u00f1or Efra\u00edn Valdez Lima, artesano del municipio, reconoci\u00f3 que la administraci\u00f3n que encabeza Salvador Santos Cedillo, va hacer historia y dejar huella por su valiosa contribuci\u00f3n para hacer realidad este sue\u00f1o de tener un corredor artesanal digno, que atraer\u00e1 m\u00e1s turismo y beneficiar\u00e1 la econ\u00f3mica local.<\/p>\n\n\n\n<p>Finalmente, Santos Cedillo, mencion\u00f3 que seguir\u00e1 trabajando arduamente en varias l\u00edneas de acci\u00f3n para que sobresalga m\u00e1s Huamantla; al mismo tiempo, conmin\u00f3 a los artesanos presentes a seguir fortaleciendo su trabajo a trav\u00e9s de capacitaciones que imparten dependencias estatales para dignificar su importante labor que engrandece la historia del municipio.<\/p>\n","protected":false},"excerpt":{"rendered":"<p>El presidente municipal de Huamantla, Salvador Santos Cedillo, conjuntamente con autoridades del H. Ayuntamiento y el representante de los artesanos del municipio, llevaron a cabo la firma de convenio de comodato del Pabell\u00f3n Artesanal del Parque Ju\u00e1rez. En la ceremonia protocolaria, el alcalde Santos Cedillo, sostuvo que con esta acci\u00f3n los 45 artesanos que conforman [&hellip;]<\/p>\n","protected":false},"author":2,"featured_media":0,"comment_status":"open","ping_status":"open","sticky":false,"template":"","format":"standard","meta":{"_themeisle_gutenberg_block_has_review":false,"footnotes":""},"categories":[26],"tags":[249,31],"class_list":["post-2829","post","type-post","status-publish","format-standard","hentry","category-municipio","tag-chava-santos","tag-huamantla"],"_links":{"self":[{"href":"https:\/\/enminutostlx.com\/index.php?rest_route=\/wp\/v2\/posts\/2829","targetHints":{"allow":["GET"]}}],"collection":[{"href":"https:\/\/enminutostlx.com\/index.php?rest_route=\/wp\/v2\/posts"}],"about":[{"href":"https:\/\/enminutostlx.com\/index.php?rest_route=\/wp\/v2\/types\/post"}],"author":[{"embeddable":true,"href":"https:\/\/enminutostlx.com\/index.php?rest_route=\/wp\/v2\/users\/2"}],"replies":[{"embeddable":true,"href":"https:\/\/enminutostlx.com\/index.php?rest_route=%2Fwp%2Fv2%2Fcomments&post=2829"}],"version-history":[{"count":1,"href":"https:\/\/enminutostlx.com\/index.php?rest_route=\/wp\/v2\/posts\/2829\/revisions"}],"predecessor-version":[{"id":2831,"href":"https:\/\/enminutostlx.com\/index.php?rest_route=\/wp\/v2\/posts\/2829\/revisions\/2831"}],"wp:attachment":[{"href":"https:\/\/enminutostlx.com\/index.php?rest_route=%2Fwp%2Fv2%2Fmedia&parent=2829"}],"wp:term":[{"taxonomy":"category","embeddable":true,"href":"https:\/\/enminutostlx.com\/index.php?rest_route=%2Fwp%2Fv2%2Fcategories&post=2829"},{"taxonomy":"post_tag","embeddable":true,"href":"https:\/\/enminutostlx.com\/index.php?rest_route=%2Fwp%2Fv2%2Ftags&post=2829"}],"curies":[{"name":"wp","href":"https:\/\/api.w.org\/{rel}","templated":true}]}}