{"id":2849,"date":"2024-02-27T20:58:46","date_gmt":"2024-02-27T20:58:46","guid":{"rendered":"https:\/\/enminutostlx.com\/?p=2849"},"modified":"2024-03-27T18:20:43","modified_gmt":"2024-03-27T18:20:43","slug":"huamantla-tendra-una-espectacular-edicion-150-de-la-feria-internacional-del-arte-efimero-y-la-dalia","status":"publish","type":"post","link":"https:\/\/enminutostlx.com\/?p=2849","title":{"rendered":"HUAMANTLA TENDR\u00c1 UNA ESPECTACULAR EDICI\u00d3N 150 DE LA FERIA INTERNACIONAL DEL ARTE EF\u00cdMERO Y LA DALIA"},"content":{"rendered":"\n<figure class=\"wp-block-image size-large\"><img loading=\"lazy\" decoding=\"async\" width=\"1024\" height=\"683\" src=\"https:\/\/enminutostlx.com\/wp-content\/uploads\/2024\/02\/e05254b0-4efa-407b-8d77-caf491b1bab8-1024x683.jpeg\" alt=\"\" class=\"wp-image-2850\" srcset=\"https:\/\/enminutostlx.com\/wp-content\/uploads\/2024\/02\/e05254b0-4efa-407b-8d77-caf491b1bab8-1024x683.jpeg 1024w, https:\/\/enminutostlx.com\/wp-content\/uploads\/2024\/02\/e05254b0-4efa-407b-8d77-caf491b1bab8-300x200.jpeg 300w, https:\/\/enminutostlx.com\/wp-content\/uploads\/2024\/02\/e05254b0-4efa-407b-8d77-caf491b1bab8-768x512.jpeg 768w, https:\/\/enminutostlx.com\/wp-content\/uploads\/2024\/02\/e05254b0-4efa-407b-8d77-caf491b1bab8-1536x1024.jpeg 1536w, https:\/\/enminutostlx.com\/wp-content\/uploads\/2024\/02\/e05254b0-4efa-407b-8d77-caf491b1bab8-750x500.jpeg 750w, https:\/\/enminutostlx.com\/wp-content\/uploads\/2024\/02\/e05254b0-4efa-407b-8d77-caf491b1bab8-1140x760.jpeg 1140w, https:\/\/enminutostlx.com\/wp-content\/uploads\/2024\/02\/e05254b0-4efa-407b-8d77-caf491b1bab8.jpeg 1599w\" sizes=\"auto, (max-width: 1024px) 100vw, 1024px\" \/><\/figure>\n\n\n\n<p><\/p>\n\n\n\n<p>Al presentar el elenco art\u00edstico de la Feria Internacional del Arte Ef\u00edmero y la Dalia 2024, en su edici\u00f3n 150 que se llevar\u00e1 a cabo en el mes de agosto, el presidente municipal, Salvador Santos Cedillo, asegur\u00f3 que esta festividad permitir\u00e1 posicionar a\u00fan m\u00e1s el nombre de Huamantla como destino tur\u00edstico en la esfera nacional e internacional.<\/p>\n\n\n\n<p>En la Plaza de Toros \u201cLa Taurina\u201d, el Edil Salvador Santos, se mostr\u00f3 emocionado al encabezar este acto que, afirm\u00f3, enorgullece a las y los huamantlecos, toda vez que es una ventana al mundo para mostrar la riqueza hist\u00f3rica, cultural y gastron\u00f3mica, que posee este Pueblo M\u00e1gico.<\/p>\n\n\n\n<p>El presidente municipal de Huamantla mencion\u00f3 que, debido a la calidad de los artistas que se presentar\u00e1n en esta edici\u00f3n de la feria, es necesario emprender una intensa campa\u00f1a de promoci\u00f3n para que el n\u00famero de visitantes sea hist\u00f3rico, y se detone la econom\u00eda del municipio como nunca antes.<\/p>\n\n\n\n<p>\u201cHoy presentamos la Feria de Huamantla 2024 con la misma ilusi\u00f3n que cuando inauguramos obras, entregamos apoyos, impulsamos la educaci\u00f3n y el campo; con la misma emoci\u00f3n con la que hacemos cada cosa por transformar nuestro Pueblo M\u00e1gico\u201d, se\u00f1al\u00f3.<\/p>\n\n\n\n<p>Reiter\u00f3 que su administraci\u00f3n seguir\u00e1 trabajando a favor de la ciudadan\u00eda, pues el municipio ya no puede retroceder, ni volver a dejar a las comunidades en el abandono, ni olvidar la identidad de los huamantlecos que ahora est\u00e1n listos para emprender grandes cosas.<\/p>\n\n\n\n<p>El alcalde Santos Cedillo, inform\u00f3 que este a\u00f1o el invitado especial ser\u00e1 el reci\u00e9n nombrado Pueblo M\u00e1gico de Ixtenco, esto para fortalecer el hermanamiento no solo por compartir esta denominaci\u00f3n en Tlaxcala, sino para difundir las tradiciones y costumbres en un intercambio cultural \u00fanico.<\/p>\n\n\n\n<p>Finalmente, previ\u00f3 a la presentaci\u00f3n del talento art\u00edstico, el presidente municipal, asegur\u00f3 que la Feria de Huamantla en honor a la Virgen de La Caridad, es la m\u00e1s bella de todo Tlaxcala.<\/p>\n\n\n\n<p>Acto seguido, a trav\u00e9s de un video promocional se anunciaron las fechas y los nombres de los artistas que se presentar\u00e1n durante el mes de agosto, siendo los siguientes:<\/p>\n\n\n\n<p>2 de agosto &#8211; Banda Cuisillos.<br>3 de agosto &#8211; Pepe Aguilar en la Gran Inauguraci\u00f3n de la Feria.<br>4 de agosto &#8211; Artista sorpresa.<br>9 de agosto \u2013 Mi Banda el Mexicano.<br>10 de agosto &#8211; Grupo Duelo y artista sorpresa.<br>11 de agosto &#8211; Enjambre.<br>16 de agosto &#8211; La Arrolladora.<br>17 de agosto &#8211; Pancho Barraza.<br>18 de agosto &#8211; Kalimba.<br>23 de agosto \u2013 Socios del Ritmo y Junior Klan.<br>24 de agosto &#8211; Marca Registrada.<br>25 de agosto &#8211; Enrique Guzm\u00e1n.<br>30 de agosto &#8211; Belinda.<br>31 de agosto &#8211; Festival infantil.<\/p>\n\n\n\n<p>Para las corridas de Feria en la Plaza de Toros \u201cLa Taurina\u201d, estar\u00e1n Angelino de Arriaga, Gerardo Rivera, Emilio Mac\u00edas, Uriel Moreno &#8220;El Zapata&#8221;, Antonio Ferrera, Arturo Sald\u00edvar, Jos\u00e9 Corral, Ernesto Javier &#8220;Calita&#8221;, Sergio Flores y Diego San Rom\u00e1n; con toros de Tenexac, Caparica y Bego\u00f1a.<\/p>\n\n\n\n<p>Al final de la presentaci\u00f3n, se cont\u00f3 con la actuaci\u00f3n estelar del cantante Yahir, participante del reality show La Academia en su primera edici\u00f3n, quien con su voz cautiv\u00f3 a los espectadores por m\u00e1s de una hora, con lo mejor de su repertorio musical.<\/p>\n","protected":false},"excerpt":{"rendered":"<p>Al presentar el elenco art\u00edstico de la Feria Internacional del Arte Ef\u00edmero y la Dalia 2024, en su edici\u00f3n 150 que se llevar\u00e1 a cabo en el mes de agosto, el presidente municipal, Salvador Santos Cedillo, asegur\u00f3 que esta festividad permitir\u00e1 posicionar a\u00fan m\u00e1s el nombre de Huamantla como destino tur\u00edstico en la esfera nacional [&hellip;]<\/p>\n","protected":false},"author":2,"featured_media":0,"comment_status":"open","ping_status":"open","sticky":false,"template":"","format":"standard","meta":{"_themeisle_gutenberg_block_has_review":false,"footnotes":""},"categories":[1],"tags":[31],"class_list":["post-2849","post","type-post","status-publish","format-standard","hentry","category-sin-categoria","tag-huamantla"],"_links":{"self":[{"href":"https:\/\/enminutostlx.com\/index.php?rest_route=\/wp\/v2\/posts\/2849","targetHints":{"allow":["GET"]}}],"collection":[{"href":"https:\/\/enminutostlx.com\/index.php?rest_route=\/wp\/v2\/posts"}],"about":[{"href":"https:\/\/enminutostlx.com\/index.php?rest_route=\/wp\/v2\/types\/post"}],"author":[{"embeddable":true,"href":"https:\/\/enminutostlx.com\/index.php?rest_route=\/wp\/v2\/users\/2"}],"replies":[{"embeddable":true,"href":"https:\/\/enminutostlx.com\/index.php?rest_route=%2Fwp%2Fv2%2Fcomments&post=2849"}],"version-history":[{"count":1,"href":"https:\/\/enminutostlx.com\/index.php?rest_route=\/wp\/v2\/posts\/2849\/revisions"}],"predecessor-version":[{"id":2851,"href":"https:\/\/enminutostlx.com\/index.php?rest_route=\/wp\/v2\/posts\/2849\/revisions\/2851"}],"wp:attachment":[{"href":"https:\/\/enminutostlx.com\/index.php?rest_route=%2Fwp%2Fv2%2Fmedia&parent=2849"}],"wp:term":[{"taxonomy":"category","embeddable":true,"href":"https:\/\/enminutostlx.com\/index.php?rest_route=%2Fwp%2Fv2%2Fcategories&post=2849"},{"taxonomy":"post_tag","embeddable":true,"href":"https:\/\/enminutostlx.com\/index.php?rest_route=%2Fwp%2Fv2%2Ftags&post=2849"}],"curies":[{"name":"wp","href":"https:\/\/api.w.org\/{rel}","templated":true}]}}