{"id":2879,"date":"2024-02-27T21:17:01","date_gmt":"2024-02-27T21:17:01","guid":{"rendered":"https:\/\/enminutostlx.com\/?p=2879"},"modified":"2024-02-27T21:17:15","modified_gmt":"2024-02-27T21:17:15","slug":"celebran-el-dia-de-la-bandera-en-el-pueblo-de-jesuscon-un-especial-homenaje-alumnos-del-jardin-de-ninos-y-secundaria-tecnica-conmemoran-el-aniversario-del-simbolo-patrio","status":"publish","type":"post","link":"https:\/\/enminutostlx.com\/?p=2879","title":{"rendered":"Celebran el D\u00eda de la Bandera en el pueblo de Jes\u00fasCon un especial homenaje, alumnos del jard\u00edn de ni\u00f1os y secundaria t\u00e9cnica conmemoran el aniversario del s\u00edmbolo patrio."},"content":{"rendered":"\n<figure class=\"wp-block-image size-large\"><img loading=\"lazy\" decoding=\"async\" width=\"1024\" height=\"682\" src=\"https:\/\/enminutostlx.com\/wp-content\/uploads\/2024\/02\/11f2e0dd-9dfd-4f04-8b9e-1029b9bea220-1-1024x682.jpeg\" alt=\"\" class=\"wp-image-2880\" srcset=\"https:\/\/enminutostlx.com\/wp-content\/uploads\/2024\/02\/11f2e0dd-9dfd-4f04-8b9e-1029b9bea220-1-1024x682.jpeg 1024w, https:\/\/enminutostlx.com\/wp-content\/uploads\/2024\/02\/11f2e0dd-9dfd-4f04-8b9e-1029b9bea220-1-300x200.jpeg 300w, https:\/\/enminutostlx.com\/wp-content\/uploads\/2024\/02\/11f2e0dd-9dfd-4f04-8b9e-1029b9bea220-1-768x512.jpeg 768w, https:\/\/enminutostlx.com\/wp-content\/uploads\/2024\/02\/11f2e0dd-9dfd-4f04-8b9e-1029b9bea220-1-750x500.jpeg 750w, https:\/\/enminutostlx.com\/wp-content\/uploads\/2024\/02\/11f2e0dd-9dfd-4f04-8b9e-1029b9bea220-1-1140x760.jpeg 1140w, https:\/\/enminutostlx.com\/wp-content\/uploads\/2024\/02\/11f2e0dd-9dfd-4f04-8b9e-1029b9bea220-1.jpeg 1280w\" sizes=\"auto, (max-width: 1024px) 100vw, 1024px\" \/><\/figure>\n\n\n\n<p>En una ceremonia realizada el pasado lunes en la explanada de la Escuela Secundaria T\u00e9cnica No. 43 \u201cLibertad\u201d, se record\u00f3 como cada a\u00f1o lo que representa la Bandera mexicana: independencia, honor y el territorio nacional.<br>En esta ocasi\u00f3n, alumnos del preescolar \u201cJuan Amos Comenio\u201d y de la secundaria t\u00e9cnica, ambas ubicadas en el pueblo de Jes\u00fas, municipio de Huamantla; participaron en un homenaje especial para conmemorar un nuevo aniversario del D\u00eda de la Bandera, en el que rindieron honores al L\u00e1baro Patrio.<br>Durante la celebraci\u00f3n, los estudiantes participaron en un desfile de banderas que ellos mismos realizaron de manera creativa, demostrando la evoluci\u00f3n que ha tenido a lo largo de los a\u00f1os. <br><\/p>\n\n\n\n<p>Al finalizar el acto c\u00edvico, la directora de la secundaria, Alma Tonix Rugerio dio la bienvenida los alumnos del jard\u00edn de ni\u00f1os y agradeci\u00f3 la participaci\u00f3n de la comunidad educativa asistente.<br>Considerada una de las banderas m\u00e1s bellas del mundo, la Bandera de M\u00e9xico tal como la conocemos fue adoptada desde el 16 de septiembre de 1968, pero su d\u00eda se celebra el 24 de febrero.<\/p>\n","protected":false},"excerpt":{"rendered":"<p>En una ceremonia realizada el pasado lunes en la explanada de la Escuela Secundaria T\u00e9cnica No. 43 \u201cLibertad\u201d, se record\u00f3 como cada a\u00f1o lo que representa la Bandera mexicana: independencia, honor y el territorio nacional.En esta ocasi\u00f3n, alumnos del preescolar \u201cJuan Amos Comenio\u201d y de la secundaria t\u00e9cnica, ambas ubicadas en el pueblo de Jes\u00fas, [&hellip;]<\/p>\n","protected":false},"author":2,"featured_media":0,"comment_status":"open","ping_status":"open","sticky":false,"template":"","format":"standard","meta":{"_themeisle_gutenberg_block_has_review":false,"footnotes":""},"categories":[1],"tags":[],"class_list":["post-2879","post","type-post","status-publish","format-standard","hentry","category-sin-categoria"],"_links":{"self":[{"href":"https:\/\/enminutostlx.com\/index.php?rest_route=\/wp\/v2\/posts\/2879","targetHints":{"allow":["GET"]}}],"collection":[{"href":"https:\/\/enminutostlx.com\/index.php?rest_route=\/wp\/v2\/posts"}],"about":[{"href":"https:\/\/enminutostlx.com\/index.php?rest_route=\/wp\/v2\/types\/post"}],"author":[{"embeddable":true,"href":"https:\/\/enminutostlx.com\/index.php?rest_route=\/wp\/v2\/users\/2"}],"replies":[{"embeddable":true,"href":"https:\/\/enminutostlx.com\/index.php?rest_route=%2Fwp%2Fv2%2Fcomments&post=2879"}],"version-history":[{"count":2,"href":"https:\/\/enminutostlx.com\/index.php?rest_route=\/wp\/v2\/posts\/2879\/revisions"}],"predecessor-version":[{"id":2882,"href":"https:\/\/enminutostlx.com\/index.php?rest_route=\/wp\/v2\/posts\/2879\/revisions\/2882"}],"wp:attachment":[{"href":"https:\/\/enminutostlx.com\/index.php?rest_route=%2Fwp%2Fv2%2Fmedia&parent=2879"}],"wp:term":[{"taxonomy":"category","embeddable":true,"href":"https:\/\/enminutostlx.com\/index.php?rest_route=%2Fwp%2Fv2%2Fcategories&post=2879"},{"taxonomy":"post_tag","embeddable":true,"href":"https:\/\/enminutostlx.com\/index.php?rest_route=%2Fwp%2Fv2%2Ftags&post=2879"}],"curies":[{"name":"wp","href":"https:\/\/api.w.org\/{rel}","templated":true}]}}