{"id":288,"date":"2023-06-02T05:00:27","date_gmt":"2023-06-02T05:00:27","guid":{"rendered":"https:\/\/enminutostlx.com\/?p=288"},"modified":"2023-06-29T13:59:13","modified_gmt":"2023-06-29T13:59:13","slug":"tradicion-y-fe-en-la-edicion-145-de-las-trecenas-en-huamantla","status":"publish","type":"post","link":"https:\/\/enminutostlx.com\/?p=288","title":{"rendered":"TRADICI\u00d3N Y FE EN LA EDICI\u00d3N 145 DE LAS \u201cTRECENAS\u201d EN HUAMANTLA"},"content":{"rendered":"\n<p>\u201cSon nuestras fiestas y tradiciones las que dan identidad y orgullo a las y los huamantlecos\u201d, asegur\u00f3 el presidente municipal, Salvador Santos Cedillo, al dar inicio la edici\u00f3n 145 de las tradicionales \u201cTrecenas\u201d del barrio de San Antonio.<\/p>\n\n\n\n<p>Como ha sido ya una tradici\u00f3n, las autoridades municipales y de comunidad, colocaron el bando de la festividad en la Presidencia Municipal, donde tambi\u00e9n acompa\u00f1aron los mayordomos de la Iglesia y vecinos de la localidad.<\/p>\n\n\n\n<p>En el acto inaugural, el alcalde Salvador Santos Cedillo, afirm\u00f3 que su administraci\u00f3n mantendr\u00e1 una ambiciosa campa\u00f1a de promoci\u00f3n y difusi\u00f3n de todas las tradiciones que forman parte de la identidad del Pueblo M\u00e1gico de Huamantla.<\/p>\n\n\n\n<p>\u201cEn menos de dos a\u00f1os de administraci\u00f3n, hemos hecho esfuerzos para poner el nombre de Huamantla en los ojos del mundo, y lo hemos logrado. Hoy nuestro Pueblo M\u00e1gico es reconocido como la tierra del r\u00e9cord Guinness, por los tapetes de aserr\u00edn, por las tradiciones ancestrales y por la calidez de su gente\u201d, se\u00f1al\u00f3.<\/p>\n\n\n\n<p>Luego de su mensaje, Salvador Santos Cedillo, coron\u00f3 a \u00c1ngeles I, como la reina de las \u201cTrecenas\u201d en esta edici\u00f3n 2023; y reconoci\u00f3 al presidente de comunidad, Enrique Contreras Tabales, y a los mayordomos de la festividad por mantener viva esta tradici\u00f3n, que es una de las m\u00e1s importantes del municipio.<\/p>\n\n\n\n<p>En su oportunidad, Enrique Contreras Tabales, destac\u00f3 el invaluable apoyo y acompa\u00f1amiento de Santos Cedillo, no solo para la realizaci\u00f3n de esta fiesta patronal, que contar\u00e1 con diversos eventos deportivos, culturales y art\u00edsticos; sino por impulsar acciones de bienestar social que mejoran la calidad de vida de las y los huamantlecos.<\/p>\n\n\n\n<p>Por \u00faltimo, Santos Cedillo, hizo un llamado a los vecinos de San Antonio a disfrutar de esta fiesta con un ambiente familiar, priorizando en todo momento la seguridad de todos los asistentes.<\/p>\n\n\n\n<p>En este inicio de actividades, el talento art\u00edstico corri\u00f3 a cargo del H. Ayuntamiento de Huamantla, y fue el grupo Yaguar\u00fa quien ilumin\u00f3 el escenario con canciones emblem\u00e1ticas que pusieron a bailar a chicos y grandes; adem\u00e1s de las actuaciones del comediante To\u00f1o de Marco y del Grupo Emperador Norte\u00f1o.<\/p>\n\n\n\n<p>Cabe destacar que, desde el primer momento, los elementos de la Direcci\u00f3n de Seguridad P\u00fablica, Tr\u00e1nsito y Protecci\u00f3n Civil de Huamantla se hicieron presentes, con rondines permanentes por la zona, as\u00ed como en las entradas y salidas del parque, quienes mantendr\u00e1n su presencia todos los d\u00edas de fiesta.<\/p>\n","protected":false},"excerpt":{"rendered":"<p>\u201cSon nuestras fiestas y tradiciones las que dan identidad y orgullo a las y los huamantlecos\u201d, asegur\u00f3 el presidente municipal, Salvador Santos Cedillo, al dar inicio la edici\u00f3n 145 de las tradicionales \u201cTrecenas\u201d del barrio de San Antonio. Como ha sido ya una tradici\u00f3n, las autoridades municipales y de comunidad, colocaron el bando de la [&hellip;]<\/p>\n","protected":false},"author":2,"featured_media":289,"comment_status":"open","ping_status":"open","sticky":false,"template":"","format":"standard","meta":{"_themeisle_gutenberg_block_has_review":false,"footnotes":""},"categories":[26],"tags":[124,123,122,121,125],"class_list":["post-288","post","type-post","status-publish","format-standard","has-post-thumbnail","hentry","category-municipio","tag-edicion","tag-fe","tag-feria","tag-tradicion","tag-trecena"],"_links":{"self":[{"href":"https:\/\/enminutostlx.com\/index.php?rest_route=\/wp\/v2\/posts\/288","targetHints":{"allow":["GET"]}}],"collection":[{"href":"https:\/\/enminutostlx.com\/index.php?rest_route=\/wp\/v2\/posts"}],"about":[{"href":"https:\/\/enminutostlx.com\/index.php?rest_route=\/wp\/v2\/types\/post"}],"author":[{"embeddable":true,"href":"https:\/\/enminutostlx.com\/index.php?rest_route=\/wp\/v2\/users\/2"}],"replies":[{"embeddable":true,"href":"https:\/\/enminutostlx.com\/index.php?rest_route=%2Fwp%2Fv2%2Fcomments&post=288"}],"version-history":[{"count":1,"href":"https:\/\/enminutostlx.com\/index.php?rest_route=\/wp\/v2\/posts\/288\/revisions"}],"predecessor-version":[{"id":290,"href":"https:\/\/enminutostlx.com\/index.php?rest_route=\/wp\/v2\/posts\/288\/revisions\/290"}],"wp:featuredmedia":[{"embeddable":true,"href":"https:\/\/enminutostlx.com\/index.php?rest_route=\/wp\/v2\/media\/289"}],"wp:attachment":[{"href":"https:\/\/enminutostlx.com\/index.php?rest_route=%2Fwp%2Fv2%2Fmedia&parent=288"}],"wp:term":[{"taxonomy":"category","embeddable":true,"href":"https:\/\/enminutostlx.com\/index.php?rest_route=%2Fwp%2Fv2%2Fcategories&post=288"},{"taxonomy":"post_tag","embeddable":true,"href":"https:\/\/enminutostlx.com\/index.php?rest_route=%2Fwp%2Fv2%2Ftags&post=288"}],"curies":[{"name":"wp","href":"https:\/\/api.w.org\/{rel}","templated":true}]}}