{"id":2983,"date":"2024-04-27T21:27:48","date_gmt":"2024-04-27T21:27:48","guid":{"rendered":"https:\/\/enminutostlx.com\/?p=2983"},"modified":"2024-04-29T16:02:40","modified_gmt":"2024-04-29T16:02:40","slug":"iniciativa-proyeccion-de-la-esperanza-ilumina-xicohtencatl-y-zaragoza-con-cine-contra-las-adicciones","status":"publish","type":"post","link":"https:\/\/enminutostlx.com\/?p=2983","title":{"rendered":"Iniciativa &#8220;Proyecci\u00f3n de la Esperanza&#8221; Ilumina Xicoht\u00e9ncatl y Zaragoza con Cine Contra las Adicciones"},"content":{"rendered":"\n<p><\/p>\n\n\n\n<p><\/p>\n\n\n\n<p>La asociaci\u00f3n civil G\u00e9nero AC, liderada por Karla Pimentel, ha desvelado en Huamantla su m\u00e1s reciente proyecto de concienciaci\u00f3n, la campa\u00f1a &#8220;Proyecci\u00f3n de la Esperanza&#8221;, destinada a educar a los j\u00f3venes sobre los peligros del abuso de sustancias mediante el poder narrativo del cine. <\/p>\n\n\n\n<p>Este innovador programa llevar\u00e1 a las comunidades de Xicoht\u00e9ncatl y Zaragoza un mensaje de reflexi\u00f3n y esperanza a trav\u00e9s de la proyecci\u00f3n de pel\u00edculas que abordan directamente las luchas y consecuencias del consumo de drogas. <\/p>\n\n\n\n<p>Carlos Pimentel, distinguido ingeniero y ferviente colaborador de este esfuerzo, resalt\u00f3 en una reciente rueda de prensa la importancia de estas proyecciones como medios para fomentar el di\u00e1logo y la introspecci\u00f3n entre la juventud.<\/p>\n\n\n\n<p> Adem\u00e1s, se\u00f1al\u00f3 que esta campa\u00f1a marca el comienzo de un di\u00e1logo abierto sobre las adicciones, con el fin \u00faltimo de prevenir su consumo. El arranque de &#8220;Proyecci\u00f3n de la Esperanza&#8221; tendr\u00e1 lugar este pr\u00f3ximo domingo 31 de marzo, a las 18:00 horas en Xicoht\u00e9ncatl, con la presentaci\u00f3n de &#8220;Diario de un Rebelde&#8221;, pel\u00edcula que narra la historia verdadera de un joven atrapado en las garras de la adicci\u00f3n. <br><\/p>\n\n\n\n<p>Seguido de esto, el lunes 1 de abril, la comunidad de Zaragoza acoger\u00e1 la segunda proyecci\u00f3n, &#8220;El Luchador&#8221;, que explora la vida de un luchador profesional en su batalla personal contra las drogas, ofreciendo una perspectiva sobre la redenci\u00f3n y la recuperaci\u00f3n. Estos eventos no solo buscan entretener, sino tambi\u00e9n abrir un espacio de an\u00e1lisis y conversaci\u00f3n cr\u00edtica sobre un tema de gran relevancia social. <\/p>\n\n\n\n<p>La elecci\u00f3n de Xicoht\u00e9ncatl y Zaragoza como las primeras comunidades en recibir estas proyecciones subraya el compromiso de G\u00e9nero AC con la prevenci\u00f3n y educaci\u00f3n sobre las adicciones en las \u00e1reas m\u00e1s necesitadas. La campa\u00f1a &#8220;Proyecci\u00f3n de la Esperanza&#8221; se posiciona as\u00ed como un faro de luz en la lucha contra el abuso de sustancias, demostrando el compromiso de la asociaci\u00f3n y sus colaboradores con la salud y el bienestar de los j\u00f3venes de Huamantla. <\/p>\n","protected":false},"excerpt":{"rendered":"<p>La asociaci\u00f3n civil G\u00e9nero AC, liderada por Karla Pimentel, ha desvelado en Huamantla su m\u00e1s reciente proyecto de concienciaci\u00f3n, la campa\u00f1a &#8220;Proyecci\u00f3n de la Esperanza&#8221;, destinada a educar a los j\u00f3venes sobre los peligros del abuso de sustancias mediante el poder narrativo del cine. Este innovador programa llevar\u00e1 a las comunidades de Xicoht\u00e9ncatl y Zaragoza [&hellip;]<\/p>\n","protected":false},"author":2,"featured_media":2984,"comment_status":"open","ping_status":"open","sticky":false,"template":"","format":"standard","meta":{"_themeisle_gutenberg_block_has_review":false,"footnotes":""},"categories":[26],"tags":[],"class_list":["post-2983","post","type-post","status-publish","format-standard","has-post-thumbnail","hentry","category-municipio"],"_links":{"self":[{"href":"https:\/\/enminutostlx.com\/index.php?rest_route=\/wp\/v2\/posts\/2983","targetHints":{"allow":["GET"]}}],"collection":[{"href":"https:\/\/enminutostlx.com\/index.php?rest_route=\/wp\/v2\/posts"}],"about":[{"href":"https:\/\/enminutostlx.com\/index.php?rest_route=\/wp\/v2\/types\/post"}],"author":[{"embeddable":true,"href":"https:\/\/enminutostlx.com\/index.php?rest_route=\/wp\/v2\/users\/2"}],"replies":[{"embeddable":true,"href":"https:\/\/enminutostlx.com\/index.php?rest_route=%2Fwp%2Fv2%2Fcomments&post=2983"}],"version-history":[{"count":1,"href":"https:\/\/enminutostlx.com\/index.php?rest_route=\/wp\/v2\/posts\/2983\/revisions"}],"predecessor-version":[{"id":2985,"href":"https:\/\/enminutostlx.com\/index.php?rest_route=\/wp\/v2\/posts\/2983\/revisions\/2985"}],"wp:featuredmedia":[{"embeddable":true,"href":"https:\/\/enminutostlx.com\/index.php?rest_route=\/wp\/v2\/media\/2984"}],"wp:attachment":[{"href":"https:\/\/enminutostlx.com\/index.php?rest_route=%2Fwp%2Fv2%2Fmedia&parent=2983"}],"wp:term":[{"taxonomy":"category","embeddable":true,"href":"https:\/\/enminutostlx.com\/index.php?rest_route=%2Fwp%2Fv2%2Fcategories&post=2983"},{"taxonomy":"post_tag","embeddable":true,"href":"https:\/\/enminutostlx.com\/index.php?rest_route=%2Fwp%2Fv2%2Ftags&post=2983"}],"curies":[{"name":"wp","href":"https:\/\/api.w.org\/{rel}","templated":true}]}}