{"id":299,"date":"2023-06-02T13:25:20","date_gmt":"2023-06-02T13:25:20","guid":{"rendered":"https:\/\/enminutostlx.com\/?p=299"},"modified":"2023-06-02T13:25:20","modified_gmt":"2023-06-02T13:25:20","slug":"da-upet-acompanamiento-a-periodista-tras-hechos-de-esta-manana","status":"publish","type":"post","link":"https:\/\/enminutostlx.com\/?p=299","title":{"rendered":"Da UPET acompa\u00f1amiento a periodista tras hechos de esta ma\u00f1ana"},"content":{"rendered":"\n<p>El reportero present\u00f3 denuncia ante la PGJE y la FEADLE.<\/p>\n\n\n\n<p>La Uni\u00f3n de Periodistas del Estado de Tlaxcala(UPET) se solidariz\u00f3 y di\u00f3 acompa\u00f1amiento a reportero para la presentaci\u00f3n de denuncia ante la Procuradur\u00eda General de Justicia del Estado(PGJE) y la Fiscal\u00eda General de la Rep\u00fablica (FGR).<\/p>\n\n\n\n<p>Lo anterior luego de que esta ma\u00f1ana, en un hecho de tr\u00e1nsito en el acceso al municipio de Apizaco, se vi\u00f3 involucrada la unidad de prensa que acudia a un evento oficial en el municipio de Tlaxco.<\/p>\n\n\n\n<p>De los hechos un compa\u00f1ero reportero, de qui\u00e9n se reserva su identidad, atestigu\u00f3 el acto ante lo cual acudi\u00f3 a presentar denuncia penal en las instancias correspondientes en este caso de PGJE y la \u200b\u200b\u200b\u200b\u200b\u200b\u200b\u200b\u200b\u200b\u200b\u200bFiscal\u00eda Especial para la Atenci\u00f3n de Delitos cometidos contra la Libertad de Expresi\u00f3n\u200b(FEADLE) dependiente de la FGR.<\/p>\n\n\n\n<p>Al respecto Pablo Morales Cruz, presidente de la UPET solicit\u00f3 se lleve a cabo con prontitud y celeridad las investigaciones y se cuente con los elementos para que se aplique una justicia pronta y expedita.<\/p>\n\n\n\n<p>Rechaz\u00f3 cualquier intento de violencia en contra de integrantes del medio period\u00edstico y de la sociedad civil en su conjunto, confirmando que lo acontecido este dia no se relacionan con la actividad period\u00edstica que se realiza en el estado.<\/p>\n\n\n\n<p>Morales Cruz, manifest\u00f3 toda su disposici\u00f3n para colaborar con las autoridades y esclarecer estos hechos.<\/p>\n\n\n\n<p>Reconoci\u00f3 la pronta respuesta de autoridades para la detenci\u00f3n de un militar adscrito a la 25 Zona Militar con sede en Puebla, de nombre Alejandro N., de 46 a\u00f1os, quien ser\u00eda el responsable de los hechos y a quien adem\u00e1s se le asegur\u00f3 un arma marca Smith and Wesson calibre 9mm y un veh\u00edculo Toyota Corolla de color blanco.<\/p>\n","protected":false},"excerpt":{"rendered":"<p>El reportero present\u00f3 denuncia ante la PGJE y la FEADLE. La Uni\u00f3n de Periodistas del Estado de Tlaxcala(UPET) se solidariz\u00f3 y di\u00f3 acompa\u00f1amiento a reportero para la presentaci\u00f3n de denuncia ante la Procuradur\u00eda General de Justicia del Estado(PGJE) y la Fiscal\u00eda General de la Rep\u00fablica (FGR). Lo anterior luego de que esta ma\u00f1ana, en un [&hellip;]<\/p>\n","protected":false},"author":2,"featured_media":300,"comment_status":"open","ping_status":"open","sticky":false,"template":"","format":"standard","meta":{"_themeisle_gutenberg_block_has_review":false,"footnotes":""},"categories":[25],"tags":[132,131,130],"class_list":["post-299","post","type-post","status-publish","format-standard","has-post-thumbnail","hentry","category-estado","tag-periodista","tag-reportero","tag-upet"],"_links":{"self":[{"href":"https:\/\/enminutostlx.com\/index.php?rest_route=\/wp\/v2\/posts\/299","targetHints":{"allow":["GET"]}}],"collection":[{"href":"https:\/\/enminutostlx.com\/index.php?rest_route=\/wp\/v2\/posts"}],"about":[{"href":"https:\/\/enminutostlx.com\/index.php?rest_route=\/wp\/v2\/types\/post"}],"author":[{"embeddable":true,"href":"https:\/\/enminutostlx.com\/index.php?rest_route=\/wp\/v2\/users\/2"}],"replies":[{"embeddable":true,"href":"https:\/\/enminutostlx.com\/index.php?rest_route=%2Fwp%2Fv2%2Fcomments&post=299"}],"version-history":[{"count":1,"href":"https:\/\/enminutostlx.com\/index.php?rest_route=\/wp\/v2\/posts\/299\/revisions"}],"predecessor-version":[{"id":301,"href":"https:\/\/enminutostlx.com\/index.php?rest_route=\/wp\/v2\/posts\/299\/revisions\/301"}],"wp:featuredmedia":[{"embeddable":true,"href":"https:\/\/enminutostlx.com\/index.php?rest_route=\/wp\/v2\/media\/300"}],"wp:attachment":[{"href":"https:\/\/enminutostlx.com\/index.php?rest_route=%2Fwp%2Fv2%2Fmedia&parent=299"}],"wp:term":[{"taxonomy":"category","embeddable":true,"href":"https:\/\/enminutostlx.com\/index.php?rest_route=%2Fwp%2Fv2%2Fcategories&post=299"},{"taxonomy":"post_tag","embeddable":true,"href":"https:\/\/enminutostlx.com\/index.php?rest_route=%2Fwp%2Fv2%2Ftags&post=299"}],"curies":[{"name":"wp","href":"https:\/\/api.w.org\/{rel}","templated":true}]}}