{"id":3084,"date":"2024-07-01T13:02:01","date_gmt":"2024-07-01T13:02:01","guid":{"rendered":"https:\/\/enminutostlx.com\/?p=3084"},"modified":"2024-07-01T16:20:52","modified_gmt":"2024-07-01T16:20:52","slug":"en-huamantla-se-promueve-el-turismo-inclusivo","status":"publish","type":"post","link":"https:\/\/enminutostlx.com\/?p=3084","title":{"rendered":"EN HUAMANTLA SE PROMUEVE EL TURISMO INCLUSIVO"},"content":{"rendered":"\n<p><\/p>\n\n\n\n<p><\/p>\n\n\n\n<p>El gobierno municipal de Huamantla, que preside Luz Mar\u00eda Calva Pimentel, en colaboraci\u00f3n con el Sistema Estatal para el Desarrollo Integral de la Familia (SEDIF) Tlaxcala y el Sistema Municipal para el Desarrollo Integral de la Familia (SMDIF), ha llevado a cabo una iniciativa destacada en pro de la inclusi\u00f3n: el recorrido tur\u00edstico &#8220;Dual Bike&#8221;.<\/p>\n\n\n\n<p>En este innovador proyecto, ni\u00f1os con discapacidad tuvieron la oportunidad de disfrutar de un recorrido tur\u00edstico guiado por la coordinadora de Turismo del municipio, Celeste Caballero Mart\u00ednez.<\/p>\n\n\n\n<p>Durante el trayecto, la coordinadora no solo acompa\u00f1\u00f3 a los peque\u00f1os, sino que tambi\u00e9n les brind\u00f3 una explicaci\u00f3n detallada sobre aspectos significativos del Museo Taurino y del Museo Nacional del T\u00edtere, enriqueciendo as\u00ed su experiencia cultural.<\/p>\n\n\n\n<p>Por otro lado, la jornada culmin\u00f3 con una funci\u00f3n especial de t\u00edteres, organizada por la coordinadora de Educaci\u00f3n, Mar\u00eda del Carmen Cervantes, quien se asegur\u00f3 de que todos los ni\u00f1os pudieran disfrutar plenamente de esta actividad que caracteriza al Pueblo M\u00e1gico.<\/p>\n\n\n\n<p>Finalmente, esta actividad es testimonio del compromiso del ayuntamiento de Huamantla con la inclusi\u00f3n y el apoyo a todos los sectores de la poblaci\u00f3n, a trav\u00e9s de iniciativas como esta, se fortalece el tejido social y se promueve una sociedad m\u00e1s igualitaria y compasiva.<\/p>\n","protected":false},"excerpt":{"rendered":"<p>El gobierno municipal de Huamantla, que preside Luz Mar\u00eda Calva Pimentel, en colaboraci\u00f3n con el Sistema Estatal para el Desarrollo Integral de la Familia (SEDIF) Tlaxcala y el Sistema Municipal para el Desarrollo Integral de la Familia (SMDIF), ha llevado a cabo una iniciativa destacada en pro de la inclusi\u00f3n: el recorrido tur\u00edstico &#8220;Dual Bike&#8221;. [&hellip;]<\/p>\n","protected":false},"author":2,"featured_media":3085,"comment_status":"open","ping_status":"open","sticky":false,"template":"","format":"standard","meta":{"_themeisle_gutenberg_block_has_review":false,"footnotes":""},"categories":[26],"tags":[31],"class_list":["post-3084","post","type-post","status-publish","format-standard","has-post-thumbnail","hentry","category-municipio","tag-huamantla"],"_links":{"self":[{"href":"https:\/\/enminutostlx.com\/index.php?rest_route=\/wp\/v2\/posts\/3084","targetHints":{"allow":["GET"]}}],"collection":[{"href":"https:\/\/enminutostlx.com\/index.php?rest_route=\/wp\/v2\/posts"}],"about":[{"href":"https:\/\/enminutostlx.com\/index.php?rest_route=\/wp\/v2\/types\/post"}],"author":[{"embeddable":true,"href":"https:\/\/enminutostlx.com\/index.php?rest_route=\/wp\/v2\/users\/2"}],"replies":[{"embeddable":true,"href":"https:\/\/enminutostlx.com\/index.php?rest_route=%2Fwp%2Fv2%2Fcomments&post=3084"}],"version-history":[{"count":1,"href":"https:\/\/enminutostlx.com\/index.php?rest_route=\/wp\/v2\/posts\/3084\/revisions"}],"predecessor-version":[{"id":3086,"href":"https:\/\/enminutostlx.com\/index.php?rest_route=\/wp\/v2\/posts\/3084\/revisions\/3086"}],"wp:featuredmedia":[{"embeddable":true,"href":"https:\/\/enminutostlx.com\/index.php?rest_route=\/wp\/v2\/media\/3085"}],"wp:attachment":[{"href":"https:\/\/enminutostlx.com\/index.php?rest_route=%2Fwp%2Fv2%2Fmedia&parent=3084"}],"wp:term":[{"taxonomy":"category","embeddable":true,"href":"https:\/\/enminutostlx.com\/index.php?rest_route=%2Fwp%2Fv2%2Fcategories&post=3084"},{"taxonomy":"post_tag","embeddable":true,"href":"https:\/\/enminutostlx.com\/index.php?rest_route=%2Fwp%2Fv2%2Ftags&post=3084"}],"curies":[{"name":"wp","href":"https:\/\/api.w.org\/{rel}","templated":true}]}}