{"id":3105,"date":"2024-07-01T13:12:52","date_gmt":"2024-07-01T13:12:52","guid":{"rendered":"https:\/\/enminutostlx.com\/?p=3105"},"modified":"2024-07-01T16:20:05","modified_gmt":"2024-07-01T16:20:05","slug":"ayuntamiento-de-huamantla-y-empresa-la-morena-invitan-a-rodada-motociclista-por-el-dia-del-padre","status":"publish","type":"post","link":"https:\/\/enminutostlx.com\/?p=3105","title":{"rendered":"AYUNTAMIENTO DE HUAMANTLA Y EMPRESA LA MORENA INVITAN A RODADA MOTOCICLISTA POR EL D\u00cdA DEL PADRE"},"content":{"rendered":"\n<p><\/p>\n\n\n\n<p>La Coordinaci\u00f3n de Desarrollo Econ\u00f3mico del municipio de Huamantla, en colaboraci\u00f3n con la empresa La Morena, invitan a toda la comunidad a participar en una emocionante rodada motociclista por el D\u00eda del Padre.<\/p>\n\n\n\n<p>La cita es este domingo 16 de junio, donde el punto de reuni\u00f3n ser\u00e1 en el Estadio Cuauht\u00e9moc de la ciudad de Puebla a las 8:00 horas, la salida est\u00e1 contemplada a las 8:30 horas; el segundo punto de reuni\u00f3n ser\u00e1 en el z\u00f3calo de Huamantla, aproximadamente a las 10:30 horas.<\/p>\n\n\n\n<p>Durante el encuentro habr\u00e1 venta y degustaci\u00f3n de una amplia variedad de productos de La Morena, adem\u00e1s se podr\u00e1 disfrutar de m\u00fasica, actividades para toda la familia incluyendo juegos inflables; adem\u00e1s, se tendr\u00e1 la oportunidad de conocer y obtener aut\u00f3grafos de reconocidos luchadores profesionales.<\/p>\n\n\n\n<p>Est\u00e1 rodada motociclista promete ser una experiencia \u00fanica para celebrar el D\u00eda del Padre con sabor y emoci\u00f3n, por lo que el gobierno municipal de Huamantla invita a no perderse la oportunidad de disfrutar de un d\u00eda lleno de adrenalina, buena comida y actividades para toda la familia.<\/p>\n","protected":false},"excerpt":{"rendered":"<p>La Coordinaci\u00f3n de Desarrollo Econ\u00f3mico del municipio de Huamantla, en colaboraci\u00f3n con la empresa La Morena, invitan a toda la comunidad a participar en una emocionante rodada motociclista por el D\u00eda del Padre. La cita es este domingo 16 de junio, donde el punto de reuni\u00f3n ser\u00e1 en el Estadio Cuauht\u00e9moc de la ciudad de [&hellip;]<\/p>\n","protected":false},"author":2,"featured_media":3106,"comment_status":"open","ping_status":"open","sticky":false,"template":"","format":"standard","meta":{"_themeisle_gutenberg_block_has_review":false,"footnotes":""},"categories":[1],"tags":[],"class_list":["post-3105","post","type-post","status-publish","format-standard","has-post-thumbnail","hentry","category-sin-categoria"],"_links":{"self":[{"href":"https:\/\/enminutostlx.com\/index.php?rest_route=\/wp\/v2\/posts\/3105","targetHints":{"allow":["GET"]}}],"collection":[{"href":"https:\/\/enminutostlx.com\/index.php?rest_route=\/wp\/v2\/posts"}],"about":[{"href":"https:\/\/enminutostlx.com\/index.php?rest_route=\/wp\/v2\/types\/post"}],"author":[{"embeddable":true,"href":"https:\/\/enminutostlx.com\/index.php?rest_route=\/wp\/v2\/users\/2"}],"replies":[{"embeddable":true,"href":"https:\/\/enminutostlx.com\/index.php?rest_route=%2Fwp%2Fv2%2Fcomments&post=3105"}],"version-history":[{"count":1,"href":"https:\/\/enminutostlx.com\/index.php?rest_route=\/wp\/v2\/posts\/3105\/revisions"}],"predecessor-version":[{"id":3107,"href":"https:\/\/enminutostlx.com\/index.php?rest_route=\/wp\/v2\/posts\/3105\/revisions\/3107"}],"wp:featuredmedia":[{"embeddable":true,"href":"https:\/\/enminutostlx.com\/index.php?rest_route=\/wp\/v2\/media\/3106"}],"wp:attachment":[{"href":"https:\/\/enminutostlx.com\/index.php?rest_route=%2Fwp%2Fv2%2Fmedia&parent=3105"}],"wp:term":[{"taxonomy":"category","embeddable":true,"href":"https:\/\/enminutostlx.com\/index.php?rest_route=%2Fwp%2Fv2%2Fcategories&post=3105"},{"taxonomy":"post_tag","embeddable":true,"href":"https:\/\/enminutostlx.com\/index.php?rest_route=%2Fwp%2Fv2%2Ftags&post=3105"}],"curies":[{"name":"wp","href":"https:\/\/api.w.org\/{rel}","templated":true}]}}