{"id":3132,"date":"2024-07-01T13:24:37","date_gmt":"2024-07-01T13:24:37","guid":{"rendered":"https:\/\/enminutostlx.com\/?p=3132"},"modified":"2024-07-01T16:08:35","modified_gmt":"2024-07-01T16:08:35","slug":"dominguearte-celebra-el-dia-del-padre-en-huamantla","status":"publish","type":"post","link":"https:\/\/enminutostlx.com\/?p=3132","title":{"rendered":"\u201dDOMINGUEARTE\u201d CELEBRA EL D\u00cdA DEL PADRE EN HUAMANTLA"},"content":{"rendered":"\n<p><\/p>\n\n\n\n<p>Como parte de las actividades culturales para celebrar el D\u00eda del Padre, el H. Ayuntamiento de Huamantla, anuncia una edici\u00f3n m\u00e1s de &#8220;Dominguearte&#8221;, un evento emblem\u00e1tico que destaca por su apoyo a artistas y grupos musicales locales.<\/p>\n\n\n\n<p>Para este d\u00eda tan especial, se comenzar\u00e1 a las 12:00 del d\u00eda, con actividades dise\u00f1adas para toda la familia.<\/p>\n\n\n\n<p>Los m\u00e1s peque\u00f1os podr\u00e1n participar en un taller recreativo de ajedrez y un taller de pintura, proporcionando oportunidades creativas y educativas para las ni\u00f1as y ni\u00f1os.<\/p>\n\n\n\n<p>A las 13:30 horas, los asistentes podr\u00e1n disfrutar de la actuaci\u00f3n especial de &#8220;Lalo CR&#8221;, reconocido por su habilidad para poner a cantar y bailar al p\u00fablico con su m\u00fasica vibrante y estilo \u00fanico.<\/p>\n\n\n\n<p>Las autoridades municipales subrayan el programa que &#8220;Dominguearte&#8221; no solo ofrece entretenimiento de calidad, sino que tambi\u00e9n promueve la recreaci\u00f3n y la convivencia familiar.<\/p>\n\n\n\n<p>Por ello, se vuelve un espacio ideal para que los visitantes locales y regionales descubran y aprecien el talento art\u00edstico que florece en este encantador Pueblo M\u00e1gico.<\/p>\n","protected":false},"excerpt":{"rendered":"<p>Como parte de las actividades culturales para celebrar el D\u00eda del Padre, el H. Ayuntamiento de Huamantla, anuncia una edici\u00f3n m\u00e1s de &#8220;Dominguearte&#8221;, un evento emblem\u00e1tico que destaca por su apoyo a artistas y grupos musicales locales. Para este d\u00eda tan especial, se comenzar\u00e1 a las 12:00 del d\u00eda, con actividades dise\u00f1adas para toda la [&hellip;]<\/p>\n","protected":false},"author":2,"featured_media":3133,"comment_status":"open","ping_status":"open","sticky":false,"template":"","format":"standard","meta":{"_themeisle_gutenberg_block_has_review":false,"footnotes":""},"categories":[26],"tags":[],"class_list":["post-3132","post","type-post","status-publish","format-standard","has-post-thumbnail","hentry","category-municipio"],"_links":{"self":[{"href":"https:\/\/enminutostlx.com\/index.php?rest_route=\/wp\/v2\/posts\/3132","targetHints":{"allow":["GET"]}}],"collection":[{"href":"https:\/\/enminutostlx.com\/index.php?rest_route=\/wp\/v2\/posts"}],"about":[{"href":"https:\/\/enminutostlx.com\/index.php?rest_route=\/wp\/v2\/types\/post"}],"author":[{"embeddable":true,"href":"https:\/\/enminutostlx.com\/index.php?rest_route=\/wp\/v2\/users\/2"}],"replies":[{"embeddable":true,"href":"https:\/\/enminutostlx.com\/index.php?rest_route=%2Fwp%2Fv2%2Fcomments&post=3132"}],"version-history":[{"count":1,"href":"https:\/\/enminutostlx.com\/index.php?rest_route=\/wp\/v2\/posts\/3132\/revisions"}],"predecessor-version":[{"id":3134,"href":"https:\/\/enminutostlx.com\/index.php?rest_route=\/wp\/v2\/posts\/3132\/revisions\/3134"}],"wp:featuredmedia":[{"embeddable":true,"href":"https:\/\/enminutostlx.com\/index.php?rest_route=\/wp\/v2\/media\/3133"}],"wp:attachment":[{"href":"https:\/\/enminutostlx.com\/index.php?rest_route=%2Fwp%2Fv2%2Fmedia&parent=3132"}],"wp:term":[{"taxonomy":"category","embeddable":true,"href":"https:\/\/enminutostlx.com\/index.php?rest_route=%2Fwp%2Fv2%2Fcategories&post=3132"},{"taxonomy":"post_tag","embeddable":true,"href":"https:\/\/enminutostlx.com\/index.php?rest_route=%2Fwp%2Fv2%2Ftags&post=3132"}],"curies":[{"name":"wp","href":"https:\/\/api.w.org\/{rel}","templated":true}]}}