{"id":3149,"date":"2024-07-01T13:32:32","date_gmt":"2024-07-01T13:32:32","guid":{"rendered":"https:\/\/enminutostlx.com\/?p=3149"},"modified":"2024-07-01T16:07:48","modified_gmt":"2024-07-01T16:07:48","slug":"clausura-smdif-huamantla-primer-modulo-de-taller-de-corte-y-confeccion","status":"publish","type":"post","link":"https:\/\/enminutostlx.com\/?p=3149","title":{"rendered":"CLAUSURA SMDIF HUAMANTLA PRIMER M\u00d3DULO DE TALLER DE CORTE Y CONFECCI\u00d3N"},"content":{"rendered":"\n<p>El Sistema Municipal para el Desarrollo Integral de la Familia (SMDIF) Huamantla concluy\u00f3 con \u00e9xito el primer m\u00f3dulo del Taller de Corte y Confecci\u00f3n, impartido en horarios matutino y vespertino, con el objetivo de fortalecer el tejido social y empoderar a las mujeres del municipio.<\/p>\n\n\n\n<p>M\u00e1s de 20 participantes finalizaron este d\u00eda su preparaci\u00f3n en este curso, una acci\u00f3n que se espera tenga un impacto significativo en la econom\u00eda del hogar, permiti\u00e9ndoles generar ingresos a trav\u00e9s de la venta de prendas confeccionadas o la elaboraci\u00f3n para uso personal y familiar.<\/p>\n\n\n\n<p>Por su parte, la presidenta Luz Mar\u00eda Calva Pimentel, agradeci\u00f3 a las participantes una prenda que le obsequiaron, confeccionada con las habilidades reci\u00e9n adquiridas en este curso, y les dese\u00f3 que con este curso puedan complementar su desarrollo econ\u00f3mico y personal.<\/p>\n\n\n\n<p>Es as\u00ed como el gobierno municipal, a trav\u00e9s del SMDIF Huamantla, continuan trabajando por el desarrollo integral de las mujeres emprendedoras y activas de la comunidad, ofreciendo una amplia variedad de cursos y talleres, en busca de potenciar el crecimiento personal y profesional.<\/p>\n","protected":false},"excerpt":{"rendered":"<p>El Sistema Municipal para el Desarrollo Integral de la Familia (SMDIF) Huamantla concluy\u00f3 con \u00e9xito el primer m\u00f3dulo del Taller de Corte y Confecci\u00f3n, impartido en horarios matutino y vespertino, con el objetivo de fortalecer el tejido social y empoderar a las mujeres del municipio. M\u00e1s de 20 participantes finalizaron este d\u00eda su preparaci\u00f3n en [&hellip;]<\/p>\n","protected":false},"author":2,"featured_media":3150,"comment_status":"open","ping_status":"open","sticky":false,"template":"","format":"standard","meta":{"_themeisle_gutenberg_block_has_review":false,"footnotes":""},"categories":[1],"tags":[],"class_list":["post-3149","post","type-post","status-publish","format-standard","has-post-thumbnail","hentry","category-sin-categoria"],"_links":{"self":[{"href":"https:\/\/enminutostlx.com\/index.php?rest_route=\/wp\/v2\/posts\/3149","targetHints":{"allow":["GET"]}}],"collection":[{"href":"https:\/\/enminutostlx.com\/index.php?rest_route=\/wp\/v2\/posts"}],"about":[{"href":"https:\/\/enminutostlx.com\/index.php?rest_route=\/wp\/v2\/types\/post"}],"author":[{"embeddable":true,"href":"https:\/\/enminutostlx.com\/index.php?rest_route=\/wp\/v2\/users\/2"}],"replies":[{"embeddable":true,"href":"https:\/\/enminutostlx.com\/index.php?rest_route=%2Fwp%2Fv2%2Fcomments&post=3149"}],"version-history":[{"count":1,"href":"https:\/\/enminutostlx.com\/index.php?rest_route=\/wp\/v2\/posts\/3149\/revisions"}],"predecessor-version":[{"id":3151,"href":"https:\/\/enminutostlx.com\/index.php?rest_route=\/wp\/v2\/posts\/3149\/revisions\/3151"}],"wp:featuredmedia":[{"embeddable":true,"href":"https:\/\/enminutostlx.com\/index.php?rest_route=\/wp\/v2\/media\/3150"}],"wp:attachment":[{"href":"https:\/\/enminutostlx.com\/index.php?rest_route=%2Fwp%2Fv2%2Fmedia&parent=3149"}],"wp:term":[{"taxonomy":"category","embeddable":true,"href":"https:\/\/enminutostlx.com\/index.php?rest_route=%2Fwp%2Fv2%2Fcategories&post=3149"},{"taxonomy":"post_tag","embeddable":true,"href":"https:\/\/enminutostlx.com\/index.php?rest_route=%2Fwp%2Fv2%2Ftags&post=3149"}],"curies":[{"name":"wp","href":"https:\/\/api.w.org\/{rel}","templated":true}]}}