{"id":3186,"date":"2024-07-01T13:45:05","date_gmt":"2024-07-01T13:45:05","guid":{"rendered":"https:\/\/enminutostlx.com\/?p=3186"},"modified":"2024-07-29T22:32:46","modified_gmt":"2024-07-29T22:32:46","slug":"visitan-ninas-y-ninos-de-estancia-infantil-a-presidenta-municipal-de-huamantla","status":"publish","type":"post","link":"https:\/\/enminutostlx.com\/?p=3186","title":{"rendered":"VISITAN NI\u00d1AS Y NI\u00d1OS DE ESTANCIA INFANTIL A PRESIDENTA MUNICIPAL DE HUAMANTLA"},"content":{"rendered":"\n<p><\/p>\n\n\n\n<p>Esta ma\u00f1ana, la presidenta municipal interina de Huamantla, Luz Mar\u00eda Calva Pimentel, recibi\u00f3 a 31 ni\u00f1as y ni\u00f1os de la estancia infantil &#8220;Cajita de Sorpresas\u201d. Con un c\u00e1lido recibimiento, les gui\u00f3 en un recorrido por las instalaciones de la Presidencia Municipal.<\/p>\n\n\n\n<p>Durante la visita, les explic\u00f3 a los peque\u00f1os un poco sobre la importante labor que desempe\u00f1a como representante del municipio, compartiendo con ellos la encomienda que tiene con Huamantla.<\/p>\n\n\n\n<p>En un momento especial, las ni\u00f1as y los ni\u00f1os aprovecharon la ocasi\u00f3n para extenderle una invitaci\u00f3n para ser su madrina de Clausura de este Ciclo Escolar en su estancia infantil.<\/p>\n\n\n\n<p>Este gesto la llen\u00f3 de emoci\u00f3n, quien acept\u00f3 con gusto la invitaci\u00f3n, comprometi\u00e9ndose a acompa\u00f1ar a los peque\u00f1os en este significativo evento.<\/p>\n\n\n\n<p>La visita concluy\u00f3 con muestras de afecto y gratitud por parte de los ni\u00f1os hacia la presidenta municipal interina, quien destac\u00f3 la importancia de fomentar espacios de interacci\u00f3n y aprendizaje para las ni\u00f1as y ni\u00f1os del municipio.<\/p>\n","protected":false},"excerpt":{"rendered":"<p>Esta ma\u00f1ana, la presidenta municipal interina de Huamantla, Luz Mar\u00eda Calva Pimentel, recibi\u00f3 a 31 ni\u00f1as y ni\u00f1os de la estancia infantil &#8220;Cajita de Sorpresas\u201d. Con un c\u00e1lido recibimiento, les gui\u00f3 en un recorrido por las instalaciones de la Presidencia Municipal. Durante la visita, les explic\u00f3 a los peque\u00f1os un poco sobre la importante labor [&hellip;]<\/p>\n","protected":false},"author":2,"featured_media":3187,"comment_status":"open","ping_status":"open","sticky":false,"template":"","format":"standard","meta":{"_themeisle_gutenberg_block_has_review":false,"footnotes":""},"categories":[1],"tags":[],"class_list":["post-3186","post","type-post","status-publish","format-standard","has-post-thumbnail","hentry","category-sin-categoria"],"_links":{"self":[{"href":"https:\/\/enminutostlx.com\/index.php?rest_route=\/wp\/v2\/posts\/3186","targetHints":{"allow":["GET"]}}],"collection":[{"href":"https:\/\/enminutostlx.com\/index.php?rest_route=\/wp\/v2\/posts"}],"about":[{"href":"https:\/\/enminutostlx.com\/index.php?rest_route=\/wp\/v2\/types\/post"}],"author":[{"embeddable":true,"href":"https:\/\/enminutostlx.com\/index.php?rest_route=\/wp\/v2\/users\/2"}],"replies":[{"embeddable":true,"href":"https:\/\/enminutostlx.com\/index.php?rest_route=%2Fwp%2Fv2%2Fcomments&post=3186"}],"version-history":[{"count":1,"href":"https:\/\/enminutostlx.com\/index.php?rest_route=\/wp\/v2\/posts\/3186\/revisions"}],"predecessor-version":[{"id":3188,"href":"https:\/\/enminutostlx.com\/index.php?rest_route=\/wp\/v2\/posts\/3186\/revisions\/3188"}],"wp:featuredmedia":[{"embeddable":true,"href":"https:\/\/enminutostlx.com\/index.php?rest_route=\/wp\/v2\/media\/3187"}],"wp:attachment":[{"href":"https:\/\/enminutostlx.com\/index.php?rest_route=%2Fwp%2Fv2%2Fmedia&parent=3186"}],"wp:term":[{"taxonomy":"category","embeddable":true,"href":"https:\/\/enminutostlx.com\/index.php?rest_route=%2Fwp%2Fv2%2Fcategories&post=3186"},{"taxonomy":"post_tag","embeddable":true,"href":"https:\/\/enminutostlx.com\/index.php?rest_route=%2Fwp%2Fv2%2Ftags&post=3186"}],"curies":[{"name":"wp","href":"https:\/\/api.w.org\/{rel}","templated":true}]}}