{"id":3222,"date":"2024-07-01T13:58:06","date_gmt":"2024-07-01T13:58:06","guid":{"rendered":"https:\/\/enminutostlx.com\/?p=3222"},"modified":"2024-07-29T22:26:15","modified_gmt":"2024-07-29T22:26:15","slug":"esta-abierta-la-convocatoria-para-participar-en-el-desfile-de-la-dalia-en-huamantla","status":"publish","type":"post","link":"https:\/\/enminutostlx.com\/?p=3222","title":{"rendered":"EST\u00c1 ABIERTA LA CONVOCATORIA PARA PARTICIPAR EN EL DESFILE DE LA DALIA EN HUAMANTLA"},"content":{"rendered":"\n<p><\/p>\n\n\n\n<p>\u00b7 Las inscripciones est\u00e1n abiertas a partir de la publicaci\u00f3n de la convocatoria hasta el 19 de julio.<\/p>\n\n\n\n<p>El Sistema Municipal para el Desarrollo Integral de la Familia (DIF) de Huamantla, emiti\u00f3 a trav\u00e9s de sus redes sociales la Convocatoria para participar en el Gran Desfile de las Dalias en el marco de la Feria Internacional del Arte Ef\u00edmero y la Dalia 2024.<\/p>\n\n\n\n<p>Este evento que se realizar\u00e1 el 4 de agosto a las 10 de la ma\u00f1ana por las principales calles de la ciudad, iluminar\u00e1n de color y fiesta la Edici\u00f3n 150 de la feria de Huamantla, que se realiza en honor a La Virgen de La Caridad, durante el mes de agosto.<\/p>\n\n\n\n<p>En ese sentido, la autoridad municipal informa que ser\u00e1 en sus oficinas donde se otorgar\u00e1 el formato de inscripci\u00f3n y carta compromiso, adem\u00e1s de la lectura de la convocatoria completa y de las normas que se tomar\u00e1n en cuenta.<\/p>\n\n\n\n<p>De acuerdo a su publicaci\u00f3n, habr\u00e1 tres categor\u00edas; la primera ser\u00e1 de \u201cCultura, tradiciones y comparsas\u201d; la segunda, \u201cOrquestas y bandas\u201d; y la tercera, de \u201cCarros aleg\u00f3ricos\u201d. Se proh\u00edbe la participaci\u00f3n de veh\u00edculos particulares decorados como carros aleg\u00f3ricos.<\/p>\n\n\n\n<p>Para mayores informes, los interesados en participar deber\u00e1n asistir a las instalaciones del SMDIF Huamantla, ubicadas en Bulevar Fernando Hern\u00e1ndez Carrasco #101, en un horario de lunes a viernes de 9:00 a 17:00 horas.<\/p>\n\n\n\n<p>Finalmente, la autoridad municipal se\u00f1ala que con estas acciones se fortalece la identidad y el valor cultural del Pueblo M\u00e1gico que celebra su fiesta anual con actividades tradicionales y representativas de Huamantla.<\/p>\n","protected":false},"excerpt":{"rendered":"<p>\u00b7 Las inscripciones est\u00e1n abiertas a partir de la publicaci\u00f3n de la convocatoria hasta el 19 de julio. El Sistema Municipal para el Desarrollo Integral de la Familia (DIF) de Huamantla, emiti\u00f3 a trav\u00e9s de sus redes sociales la Convocatoria para participar en el Gran Desfile de las Dalias en el marco de la Feria [&hellip;]<\/p>\n","protected":false},"author":2,"featured_media":3223,"comment_status":"open","ping_status":"open","sticky":false,"template":"","format":"standard","meta":{"_themeisle_gutenberg_block_has_review":false,"footnotes":""},"categories":[1],"tags":[31],"class_list":["post-3222","post","type-post","status-publish","format-standard","has-post-thumbnail","hentry","category-sin-categoria","tag-huamantla"],"_links":{"self":[{"href":"https:\/\/enminutostlx.com\/index.php?rest_route=\/wp\/v2\/posts\/3222","targetHints":{"allow":["GET"]}}],"collection":[{"href":"https:\/\/enminutostlx.com\/index.php?rest_route=\/wp\/v2\/posts"}],"about":[{"href":"https:\/\/enminutostlx.com\/index.php?rest_route=\/wp\/v2\/types\/post"}],"author":[{"embeddable":true,"href":"https:\/\/enminutostlx.com\/index.php?rest_route=\/wp\/v2\/users\/2"}],"replies":[{"embeddable":true,"href":"https:\/\/enminutostlx.com\/index.php?rest_route=%2Fwp%2Fv2%2Fcomments&post=3222"}],"version-history":[{"count":1,"href":"https:\/\/enminutostlx.com\/index.php?rest_route=\/wp\/v2\/posts\/3222\/revisions"}],"predecessor-version":[{"id":3224,"href":"https:\/\/enminutostlx.com\/index.php?rest_route=\/wp\/v2\/posts\/3222\/revisions\/3224"}],"wp:featuredmedia":[{"embeddable":true,"href":"https:\/\/enminutostlx.com\/index.php?rest_route=\/wp\/v2\/media\/3223"}],"wp:attachment":[{"href":"https:\/\/enminutostlx.com\/index.php?rest_route=%2Fwp%2Fv2%2Fmedia&parent=3222"}],"wp:term":[{"taxonomy":"category","embeddable":true,"href":"https:\/\/enminutostlx.com\/index.php?rest_route=%2Fwp%2Fv2%2Fcategories&post=3222"},{"taxonomy":"post_tag","embeddable":true,"href":"https:\/\/enminutostlx.com\/index.php?rest_route=%2Fwp%2Fv2%2Ftags&post=3222"}],"curies":[{"name":"wp","href":"https:\/\/api.w.org\/{rel}","templated":true}]}}