{"id":3225,"date":"2024-07-01T13:59:04","date_gmt":"2024-07-01T13:59:04","guid":{"rendered":"https:\/\/enminutostlx.com\/?p=3225"},"modified":"2024-07-29T22:26:11","modified_gmt":"2024-07-29T22:26:11","slug":"destacada-participacion-del-grupo-folclorico-magistral-erandi-en-dominguearte-en-huamantla","status":"publish","type":"post","link":"https:\/\/enminutostlx.com\/?p=3225","title":{"rendered":"DESTACADA PARTICIPACI\u00d3N DEL GRUPO FOLCL\u00d3RICO MAGISTRAL \u201cERANDI\u201d EN DOMINGUEARTE EN HUAMANTLA"},"content":{"rendered":"\n<p><\/p>\n\n\n\n<p>Este domingo, la ex Cancha 13 de Huamantla se llen\u00f3 de color, m\u00fasica y tradici\u00f3n con la destacada participaci\u00f3n del grupo folcl\u00f3rico magistral \u201cErandi\u201d, originario del estado de Michoac\u00e1n, en el programa cultural \u201cDominguearte\u201d.<\/p>\n\n\n\n<p>El grupo \u201cErandi\u201d deleit\u00f3 al p\u00fablico con una presentaci\u00f3n que incluy\u00f3 danzas tradicionales de Michoac\u00e1n, ricas en simbolismo y cargadas de historia. Con su vestuario colorido y su precisa ejecuci\u00f3n, los bailarines transportaron a los asistentes a las ra\u00edces de la cultura pur\u00e9pecha, ofreciendo un espect\u00e1culo que combin\u00f3 la belleza del folclor con la pasi\u00f3n y el talento de sus integrantes.<\/p>\n\n\n\n<p>El programa \u201cDominguearte\u201d ha sido un \u00e9xito en Huamantla, y replicado en todo el estado, ya que ofrece a los residentes y visitantes la oportunidad de disfrutar de una variada gama de expresiones art\u00edsticas cada domingo.<\/p>\n\n\n\n<p>El gobierno municipal de Huamantla a trav\u00e9s de la Coordinaci\u00f3n de Cultura, expresaron su agradecimiento al grupo de danza \u201cErandi\u201d, por su emotiva presentaci\u00f3n y por compartir con las y los huamantlecos la riqueza cultural de Michoac\u00e1n.<\/p>\n\n\n\n<p>Al finalizar el evento, el p\u00fablico ovacion\u00f3 de pie a los bailarines, en se\u00f1al de reconocimiento y admiraci\u00f3n por su arte y dedicaci\u00f3n.<\/p>\n","protected":false},"excerpt":{"rendered":"<p>Este domingo, la ex Cancha 13 de Huamantla se llen\u00f3 de color, m\u00fasica y tradici\u00f3n con la destacada participaci\u00f3n del grupo folcl\u00f3rico magistral \u201cErandi\u201d, originario del estado de Michoac\u00e1n, en el programa cultural \u201cDominguearte\u201d. El grupo \u201cErandi\u201d deleit\u00f3 al p\u00fablico con una presentaci\u00f3n que incluy\u00f3 danzas tradicionales de Michoac\u00e1n, ricas en simbolismo y cargadas de [&hellip;]<\/p>\n","protected":false},"author":2,"featured_media":3226,"comment_status":"open","ping_status":"open","sticky":false,"template":"","format":"standard","meta":{"_themeisle_gutenberg_block_has_review":false,"footnotes":""},"categories":[1],"tags":[31],"class_list":["post-3225","post","type-post","status-publish","format-standard","has-post-thumbnail","hentry","category-sin-categoria","tag-huamantla"],"_links":{"self":[{"href":"https:\/\/enminutostlx.com\/index.php?rest_route=\/wp\/v2\/posts\/3225","targetHints":{"allow":["GET"]}}],"collection":[{"href":"https:\/\/enminutostlx.com\/index.php?rest_route=\/wp\/v2\/posts"}],"about":[{"href":"https:\/\/enminutostlx.com\/index.php?rest_route=\/wp\/v2\/types\/post"}],"author":[{"embeddable":true,"href":"https:\/\/enminutostlx.com\/index.php?rest_route=\/wp\/v2\/users\/2"}],"replies":[{"embeddable":true,"href":"https:\/\/enminutostlx.com\/index.php?rest_route=%2Fwp%2Fv2%2Fcomments&post=3225"}],"version-history":[{"count":1,"href":"https:\/\/enminutostlx.com\/index.php?rest_route=\/wp\/v2\/posts\/3225\/revisions"}],"predecessor-version":[{"id":3227,"href":"https:\/\/enminutostlx.com\/index.php?rest_route=\/wp\/v2\/posts\/3225\/revisions\/3227"}],"wp:featuredmedia":[{"embeddable":true,"href":"https:\/\/enminutostlx.com\/index.php?rest_route=\/wp\/v2\/media\/3226"}],"wp:attachment":[{"href":"https:\/\/enminutostlx.com\/index.php?rest_route=%2Fwp%2Fv2%2Fmedia&parent=3225"}],"wp:term":[{"taxonomy":"category","embeddable":true,"href":"https:\/\/enminutostlx.com\/index.php?rest_route=%2Fwp%2Fv2%2Fcategories&post=3225"},{"taxonomy":"post_tag","embeddable":true,"href":"https:\/\/enminutostlx.com\/index.php?rest_route=%2Fwp%2Fv2%2Ftags&post=3225"}],"curies":[{"name":"wp","href":"https:\/\/api.w.org\/{rel}","templated":true}]}}