{"id":3247,"date":"2024-07-19T03:50:47","date_gmt":"2024-07-19T03:50:47","guid":{"rendered":"https:\/\/enminutostlx.com\/?p=3247"},"modified":"2024-07-29T22:21:57","modified_gmt":"2024-07-29T22:21:57","slug":"invita-ayuntamiento-de-huamantla-a-participar-en-la-vacante-de-la-empresa-owens-corning","status":"publish","type":"post","link":"https:\/\/enminutostlx.com\/?p=3247","title":{"rendered":"INVITA AYUNTAMIENTO DE HUAMANTLA A PARTICIPAR EN LA VACANTE DE LA EMPRESA OWENS CORNING"},"content":{"rendered":"\n<p><\/p>\n\n\n\n<p>El H. Ayuntamiento de Huamantla, invita al reclutamiento de operadores de producci\u00f3n de la empresa Owens Corning, que se realizar\u00e1 este jueves 4 de junio de 9:00 a 16:00 horas en las oficinas de la Coordinaci\u00f3n de Desarrollo Econ\u00f3mico de Huamantla, las cuales est\u00e1n ubicadas en bulevar Cuamanco esquina con Reforma S\/N.<\/p>\n\n\n\n<p>El coordinador de Desarrollo Econ\u00f3mico municipal, se\u00f1al\u00f3 que es una prioridad para esta administraci\u00f3n trabajar de la mano con diversas empresas para brindar oportunidades de desarrollo profesional a las y los huamantlecos, que impacte en una mejor calidad de vida.<\/p>\n\n\n\n<p>Apunt\u00f3 que para esta vacante los aspirantes interesados deben contar con los siguientes requisitos: Secundaria terminada, de 20 a\u00f1os en adelante, ambos sexos y experiencia en la industria.<\/p>\n\n\n\n<p>En Huamantla se destaca la mano de obra de calidad y calificada que existe, as\u00ed como su ubicaci\u00f3n geogr\u00e1fica y los altos \u00edndices de seguridad, que han hecho del Pueblo M\u00e1gico un lugar atractivo para las grandes inversiones.<\/p>\n","protected":false},"excerpt":{"rendered":"<p>El H. Ayuntamiento de Huamantla, invita al reclutamiento de operadores de producci\u00f3n de la empresa Owens Corning, que se realizar\u00e1 este jueves 4 de junio de 9:00 a 16:00 horas en las oficinas de la Coordinaci\u00f3n de Desarrollo Econ\u00f3mico de Huamantla, las cuales est\u00e1n ubicadas en bulevar Cuamanco esquina con Reforma S\/N. El coordinador de [&hellip;]<\/p>\n","protected":false},"author":2,"featured_media":3248,"comment_status":"open","ping_status":"open","sticky":false,"template":"","format":"standard","meta":{"_themeisle_gutenberg_block_has_review":false,"footnotes":""},"categories":[1],"tags":[],"class_list":["post-3247","post","type-post","status-publish","format-standard","has-post-thumbnail","hentry","category-sin-categoria"],"_links":{"self":[{"href":"https:\/\/enminutostlx.com\/index.php?rest_route=\/wp\/v2\/posts\/3247","targetHints":{"allow":["GET"]}}],"collection":[{"href":"https:\/\/enminutostlx.com\/index.php?rest_route=\/wp\/v2\/posts"}],"about":[{"href":"https:\/\/enminutostlx.com\/index.php?rest_route=\/wp\/v2\/types\/post"}],"author":[{"embeddable":true,"href":"https:\/\/enminutostlx.com\/index.php?rest_route=\/wp\/v2\/users\/2"}],"replies":[{"embeddable":true,"href":"https:\/\/enminutostlx.com\/index.php?rest_route=%2Fwp%2Fv2%2Fcomments&post=3247"}],"version-history":[{"count":1,"href":"https:\/\/enminutostlx.com\/index.php?rest_route=\/wp\/v2\/posts\/3247\/revisions"}],"predecessor-version":[{"id":3249,"href":"https:\/\/enminutostlx.com\/index.php?rest_route=\/wp\/v2\/posts\/3247\/revisions\/3249"}],"wp:featuredmedia":[{"embeddable":true,"href":"https:\/\/enminutostlx.com\/index.php?rest_route=\/wp\/v2\/media\/3248"}],"wp:attachment":[{"href":"https:\/\/enminutostlx.com\/index.php?rest_route=%2Fwp%2Fv2%2Fmedia&parent=3247"}],"wp:term":[{"taxonomy":"category","embeddable":true,"href":"https:\/\/enminutostlx.com\/index.php?rest_route=%2Fwp%2Fv2%2Fcategories&post=3247"},{"taxonomy":"post_tag","embeddable":true,"href":"https:\/\/enminutostlx.com\/index.php?rest_route=%2Fwp%2Fv2%2Ftags&post=3247"}],"curies":[{"name":"wp","href":"https:\/\/api.w.org\/{rel}","templated":true}]}}