{"id":3269,"date":"2024-07-19T03:56:21","date_gmt":"2024-07-19T03:56:21","guid":{"rendered":"https:\/\/enminutostlx.com\/?p=3269"},"modified":"2024-07-29T22:21:42","modified_gmt":"2024-07-29T22:21:42","slug":"presentan-en-huamantla-el-tercer-festival-nacional-de-paellas-2024","status":"publish","type":"post","link":"https:\/\/enminutostlx.com\/?p=3269","title":{"rendered":"PRESENTAN EN HUAMANTLA EL TERCER FESTIVAL NACIONAL DE PAELLAS 2024"},"content":{"rendered":"\n<p><\/p>\n\n\n\n<p><\/p>\n\n\n\n<p>\u00b7 Se realizar\u00e1 el 10 de agosto en el estacionamiento del Centro C\u00edvico, con grandes expositores y paelleros a nivel nacional e internacional.<\/p>\n\n\n\n<p>En el marco de la Feria Internacional del Arte Ef\u00edmero y la Dalia Huamantla 2024, el destacado Chef internacional Francisco Guti\u00e9rrez Lara, Embajador Gastron\u00f3mico de Huamantla, present\u00f3 el tercer \u201cFestival Nacional de Paellas\u201d, como uno de los eventos m\u00e1s destacados de esta festividad.<\/p>\n\n\n\n<p>En el auditorio de la ex Cancha 13, en el coraz\u00f3n del Pueblo M\u00e1gico, el Chef Guti\u00e9rrez Lara, mencion\u00f3 que este festival se realizar\u00e1 en el estacionamiento del Centro C\u00edvico de Huamantla, y contar\u00e1 con grandes expositores y paelleros a nivel nacional e internacional, lo que lo convierte en uno de los mejores del estado.<\/p>\n\n\n\n<p>Destac\u00f3 que para este festival, en conmemoraci\u00f3n de la edici\u00f3n 150 de la Feria de Huamantla, se contar\u00e1 con la distinguida participaci\u00f3n de los Chefs ganadores del Concurso Internacional a la Mejor Paella del Mundo, Alfonso Ovalle y Rogelio Casta\u00f1\u00f3n, as\u00ed como otros grandes exponentes de este platillo.<\/p>\n\n\n\n<p>Inform\u00f3 que el costo de los boletos para la Zona Verde ser\u00e1 de $1,900 pesos; mientras que la Zona Amarilla, es de $1,500 pesos; y la Zona Roja, de $1,200 pesos; los cuales estar\u00e1n disponibles a partir del 15 de julio en la oficina de la Coordinaci\u00f3n de Turismo de Huamantla.<\/p>\n\n\n\n<p>Francisco Guti\u00e9rrez se\u00f1al\u00f3 que este festival iniciar\u00e1 a las 14:00 horas y terminar\u00e1 a las 18:00 horas, y para tener mayores informes, los interesados podr\u00e1n marcar el siguiente n\u00famero telef\u00f3nico: (247) 205-15-09.<\/p>\n\n\n\n<p>Finalmente, agradeci\u00f3 el apoyo del gobierno municipal por las facilidades brindadas para la realizaci\u00f3n de este evento gastron\u00f3mico que ya es considerado una tradici\u00f3n dentro de las actividades de la Feria de Huamantla en honor a la Virgen de La Caridad.<\/p>\n","protected":false},"excerpt":{"rendered":"<p>\u00b7 Se realizar\u00e1 el 10 de agosto en el estacionamiento del Centro C\u00edvico, con grandes expositores y paelleros a nivel nacional e internacional. En el marco de la Feria Internacional del Arte Ef\u00edmero y la Dalia Huamantla 2024, el destacado Chef internacional Francisco Guti\u00e9rrez Lara, Embajador Gastron\u00f3mico de Huamantla, present\u00f3 el tercer \u201cFestival Nacional de [&hellip;]<\/p>\n","protected":false},"author":2,"featured_media":3256,"comment_status":"open","ping_status":"open","sticky":false,"template":"","format":"standard","meta":{"_themeisle_gutenberg_block_has_review":false,"footnotes":""},"categories":[7,26],"tags":[31],"class_list":["post-3269","post","type-post","status-publish","format-standard","has-post-thumbnail","hentry","category-food","category-municipio","tag-huamantla"],"_links":{"self":[{"href":"https:\/\/enminutostlx.com\/index.php?rest_route=\/wp\/v2\/posts\/3269","targetHints":{"allow":["GET"]}}],"collection":[{"href":"https:\/\/enminutostlx.com\/index.php?rest_route=\/wp\/v2\/posts"}],"about":[{"href":"https:\/\/enminutostlx.com\/index.php?rest_route=\/wp\/v2\/types\/post"}],"author":[{"embeddable":true,"href":"https:\/\/enminutostlx.com\/index.php?rest_route=\/wp\/v2\/users\/2"}],"replies":[{"embeddable":true,"href":"https:\/\/enminutostlx.com\/index.php?rest_route=%2Fwp%2Fv2%2Fcomments&post=3269"}],"version-history":[{"count":1,"href":"https:\/\/enminutostlx.com\/index.php?rest_route=\/wp\/v2\/posts\/3269\/revisions"}],"predecessor-version":[{"id":3270,"href":"https:\/\/enminutostlx.com\/index.php?rest_route=\/wp\/v2\/posts\/3269\/revisions\/3270"}],"wp:featuredmedia":[{"embeddable":true,"href":"https:\/\/enminutostlx.com\/index.php?rest_route=\/wp\/v2\/media\/3256"}],"wp:attachment":[{"href":"https:\/\/enminutostlx.com\/index.php?rest_route=%2Fwp%2Fv2%2Fmedia&parent=3269"}],"wp:term":[{"taxonomy":"category","embeddable":true,"href":"https:\/\/enminutostlx.com\/index.php?rest_route=%2Fwp%2Fv2%2Fcategories&post=3269"},{"taxonomy":"post_tag","embeddable":true,"href":"https:\/\/enminutostlx.com\/index.php?rest_route=%2Fwp%2Fv2%2Ftags&post=3269"}],"curies":[{"name":"wp","href":"https:\/\/api.w.org\/{rel}","templated":true}]}}