{"id":3275,"date":"2024-07-19T03:59:04","date_gmt":"2024-07-19T03:59:04","guid":{"rendered":"https:\/\/enminutostlx.com\/?p=3275"},"modified":"2024-07-29T22:21:29","modified_gmt":"2024-07-29T22:21:29","slug":"autoridades-municipales-e-instituciones-se-reunen-para-fortalecer-seguridad-en-la-feria-de-huamantla-2024","status":"publish","type":"post","link":"https:\/\/enminutostlx.com\/?p=3275","title":{"rendered":"AUTORIDADES MUNICIPALES E INSTITUCIONES SE RE\u00daNEN PARA FORTALECER SEGURIDAD EN LA FERIA DE HUAMANTLA 2024"},"content":{"rendered":"\n<p><\/p>\n\n\n\n<p><\/p>\n\n\n\n<p>\u00b7 Durante la reuni\u00f3n, se discutieron medidas espec\u00edficas para mejorar la vigilancia, el control de tr\u00e1fico, y la atenci\u00f3n m\u00e9dica, entre otras \u00e1reas cr\u00edticas.<\/p>\n\n\n\n<p>En preparaci\u00f3n para uno de los eventos m\u00e1s importantes del estado y la regi\u00f3n, autoridades municipales de Huamantla y diversas instituciones clave sostuvieron una reuni\u00f3n estrat\u00e9gica enfocada en garantizar la seguridad durante la Feria Internacional del Arte Ef\u00edmero y la Dalia 2024.<\/p>\n\n\n\n<p>Este encuentro, celebrado en la Presidencia Municipal, reuni\u00f3 a representantes de la Direcci\u00f3n de Seguridad P\u00fablica de Huamantla, de la Secretar\u00eda de Seguridad Ciudadana (SSC), Cruz Roja, de la 23\u00aa Zona Militar y otras entidades relevantes, con el objetivo de coordinar esfuerzos y recursos para el adecuado manejo de contingencias y emergencias.<\/p>\n\n\n\n<p>La presidenta municipal interina, Luz Mar\u00eda Calva Pimentel, se\u00f1al\u00f3 que la Feria de Huamantla, es conocida por su rica tradici\u00f3n cultural y sus eventos multitudinarios, requiere una planificaci\u00f3n detallada en materia de seguridad para asegurar el bienestar de todos los visitantes y residentes.<\/p>\n\n\n\n<p>&#8220;Es fundamental que trabajemos en conjunto para que la Feria de Huamantla transcurra en un ambiente seguro y tranquilo para todos&#8221;, coment\u00f3 la presidenta interina de Huamantla, destacando la importancia de estas iniciativas colaborativas.<\/p>\n\n\n\n<p>Abund\u00f3 que la Feria de Huamantla, que se realiza en el mes de agosto en honor a la Virgen de La Caridad, atrae a miles de visitantes cada a\u00f1o, lo que representa no solo un evento cultural de renombre, sino tambi\u00e9n un momento crucial para la econom\u00eda local. Por ello, las autoridades y las instituciones involucradas est\u00e1n comprometidas en asegurar que los asistentes disfruten de esta celebraci\u00f3n con la m\u00e1xima seguridad posible.<\/p>\n\n\n\n<p>Con esta reuni\u00f3n estrat\u00e9gica, el gobierno de Huamantla reafirma su compromiso con la protecci\u00f3n y el bienestar de todos los que participan en esta festividad tan significativa para la comunidad.<\/p>\n","protected":false},"excerpt":{"rendered":"<p>\u00b7 Durante la reuni\u00f3n, se discutieron medidas espec\u00edficas para mejorar la vigilancia, el control de tr\u00e1fico, y la atenci\u00f3n m\u00e9dica, entre otras \u00e1reas cr\u00edticas. En preparaci\u00f3n para uno de los eventos m\u00e1s importantes del estado y la regi\u00f3n, autoridades municipales de Huamantla y diversas instituciones clave sostuvieron una reuni\u00f3n estrat\u00e9gica enfocada en garantizar la seguridad [&hellip;]<\/p>\n","protected":false},"author":2,"featured_media":3261,"comment_status":"open","ping_status":"open","sticky":false,"template":"","format":"standard","meta":{"_themeisle_gutenberg_block_has_review":false,"footnotes":""},"categories":[26],"tags":[31],"class_list":["post-3275","post","type-post","status-publish","format-standard","has-post-thumbnail","hentry","category-municipio","tag-huamantla"],"_links":{"self":[{"href":"https:\/\/enminutostlx.com\/index.php?rest_route=\/wp\/v2\/posts\/3275","targetHints":{"allow":["GET"]}}],"collection":[{"href":"https:\/\/enminutostlx.com\/index.php?rest_route=\/wp\/v2\/posts"}],"about":[{"href":"https:\/\/enminutostlx.com\/index.php?rest_route=\/wp\/v2\/types\/post"}],"author":[{"embeddable":true,"href":"https:\/\/enminutostlx.com\/index.php?rest_route=\/wp\/v2\/users\/2"}],"replies":[{"embeddable":true,"href":"https:\/\/enminutostlx.com\/index.php?rest_route=%2Fwp%2Fv2%2Fcomments&post=3275"}],"version-history":[{"count":1,"href":"https:\/\/enminutostlx.com\/index.php?rest_route=\/wp\/v2\/posts\/3275\/revisions"}],"predecessor-version":[{"id":3276,"href":"https:\/\/enminutostlx.com\/index.php?rest_route=\/wp\/v2\/posts\/3275\/revisions\/3276"}],"wp:featuredmedia":[{"embeddable":true,"href":"https:\/\/enminutostlx.com\/index.php?rest_route=\/wp\/v2\/media\/3261"}],"wp:attachment":[{"href":"https:\/\/enminutostlx.com\/index.php?rest_route=%2Fwp%2Fv2%2Fmedia&parent=3275"}],"wp:term":[{"taxonomy":"category","embeddable":true,"href":"https:\/\/enminutostlx.com\/index.php?rest_route=%2Fwp%2Fv2%2Fcategories&post=3275"},{"taxonomy":"post_tag","embeddable":true,"href":"https:\/\/enminutostlx.com\/index.php?rest_route=%2Fwp%2Fv2%2Ftags&post=3275"}],"curies":[{"name":"wp","href":"https:\/\/api.w.org\/{rel}","templated":true}]}}