{"id":3277,"date":"2024-07-19T03:59:54","date_gmt":"2024-07-19T03:59:54","guid":{"rendered":"https:\/\/enminutostlx.com\/?p=3277"},"modified":"2024-07-29T22:21:21","modified_gmt":"2024-07-29T22:21:21","slug":"invita-ayuntamiento-de-huamantla-a-cursos-de-verano-de-apoyo-educativo","status":"publish","type":"post","link":"https:\/\/enminutostlx.com\/?p=3277","title":{"rendered":"INVITA AYUNTAMIENTO DE HUAMANTLA A CURSOS DE VERANO DE APOYO EDUCATIVO"},"content":{"rendered":"\n<p><\/p>\n\n\n\n<p>\u00b7 Cursos convocados por el DIF municipal y la Coordinaci\u00f3n de Juventud.<\/p>\n\n\n\n<p>El Sistema municipal para el Desarrollo Integral de la Familia (SMDIF) de Huamantla, con la Coordinaci\u00f3n de Juventud del municipio, invitan a las ni\u00f1as y ni\u00f1os de 6 a 10 a\u00f1os de edad a participar en sus cursos de verano de \u201cRegularizaci\u00f3n 2024\u201d.<\/p>\n\n\n\n<p>La presidenta municipal interina de Huamantla, Luz Mar\u00eda Calva Pimentel, invita a los padres de familia a inscribir a sus hijos en estos cursos de verano y aprovechar al m\u00e1ximo esta iniciativa del DIF Huamantla y de la Coordinaci\u00f3n de Juventud.<\/p>\n\n\n\n<p>La autoridad municipal, mencion\u00f3 que estos cursos est\u00e1n dise\u00f1ados para brindar apoyo educativo en las categor\u00edas de Art\u00edstica, Ingl\u00e9s B\u00e1sico, Espa\u00f1ol y Matem\u00e1ticas. Destac\u00f3 tambi\u00e9n que el cupo es limitado, por lo que recomend\u00f3 a los interesados inscribirse lo antes posible.<\/p>\n\n\n\n<p>Cabe destacar que los cursos son completamente gratis, ofreciendo una excelente oportunidad para que los peque\u00f1os refuercen sus conocimientos y desarrollen nuevas habilidades durante el verano.<\/p>\n\n\n\n<p>Mayores informes e inscripciones en las instalaciones del DIF municipal, ubicadas en Bulevar Fernando Hern\u00e1ndez Carrasco #101; o bien, en las oficinas de Juventud, ubicadas en bulevar Cuamanco esquina con Reforma, con un horario de atenci\u00f3n de lunes a viernes de 9:00 a 17:00 horas.<\/p>\n","protected":false},"excerpt":{"rendered":"<p>\u00b7 Cursos convocados por el DIF municipal y la Coordinaci\u00f3n de Juventud. El Sistema municipal para el Desarrollo Integral de la Familia (SMDIF) de Huamantla, con la Coordinaci\u00f3n de Juventud del municipio, invitan a las ni\u00f1as y ni\u00f1os de 6 a 10 a\u00f1os de edad a participar en sus cursos de verano de \u201cRegularizaci\u00f3n 2024\u201d. [&hellip;]<\/p>\n","protected":false},"author":2,"featured_media":3236,"comment_status":"open","ping_status":"open","sticky":false,"template":"","format":"standard","meta":{"_themeisle_gutenberg_block_has_review":false,"footnotes":""},"categories":[26],"tags":[31],"class_list":["post-3277","post","type-post","status-publish","format-standard","has-post-thumbnail","hentry","category-municipio","tag-huamantla"],"_links":{"self":[{"href":"https:\/\/enminutostlx.com\/index.php?rest_route=\/wp\/v2\/posts\/3277","targetHints":{"allow":["GET"]}}],"collection":[{"href":"https:\/\/enminutostlx.com\/index.php?rest_route=\/wp\/v2\/posts"}],"about":[{"href":"https:\/\/enminutostlx.com\/index.php?rest_route=\/wp\/v2\/types\/post"}],"author":[{"embeddable":true,"href":"https:\/\/enminutostlx.com\/index.php?rest_route=\/wp\/v2\/users\/2"}],"replies":[{"embeddable":true,"href":"https:\/\/enminutostlx.com\/index.php?rest_route=%2Fwp%2Fv2%2Fcomments&post=3277"}],"version-history":[{"count":1,"href":"https:\/\/enminutostlx.com\/index.php?rest_route=\/wp\/v2\/posts\/3277\/revisions"}],"predecessor-version":[{"id":3278,"href":"https:\/\/enminutostlx.com\/index.php?rest_route=\/wp\/v2\/posts\/3277\/revisions\/3278"}],"wp:featuredmedia":[{"embeddable":true,"href":"https:\/\/enminutostlx.com\/index.php?rest_route=\/wp\/v2\/media\/3236"}],"wp:attachment":[{"href":"https:\/\/enminutostlx.com\/index.php?rest_route=%2Fwp%2Fv2%2Fmedia&parent=3277"}],"wp:term":[{"taxonomy":"category","embeddable":true,"href":"https:\/\/enminutostlx.com\/index.php?rest_route=%2Fwp%2Fv2%2Fcategories&post=3277"},{"taxonomy":"post_tag","embeddable":true,"href":"https:\/\/enminutostlx.com\/index.php?rest_route=%2Fwp%2Fv2%2Ftags&post=3277"}],"curies":[{"name":"wp","href":"https:\/\/api.w.org\/{rel}","templated":true}]}}