{"id":3287,"date":"2024-07-19T04:03:56","date_gmt":"2024-07-19T04:03:56","guid":{"rendered":"https:\/\/enminutostlx.com\/?p=3287"},"modified":"2024-07-29T22:16:03","modified_gmt":"2024-07-29T22:16:03","slug":"oportuna-intervencion-de-proteccion-civil-de-huamantla-salva-a-persona-con-problemas-respiratorios","status":"publish","type":"post","link":"https:\/\/enminutostlx.com\/?p=3287","title":{"rendered":"OPORTUNA INTERVENCI\u00d3N DE PROTECCI\u00d3N CIVIL DE HUAMANTLA SALVA A PERSONA CON PROBLEMAS RESPIRATORIOS"},"content":{"rendered":"\n<p><\/p>\n\n\n\n<p>Elementos de la Coordinaci\u00f3n de Protecci\u00f3n Civil de Huamantla realizaron una intervenci\u00f3n r\u00e1pida y efectiva al atender a una persona que presentaba problemas respiratorios en un domicilio ubicado en la calle Insurgentes de la cabecera municipal.<\/p>\n\n\n\n<p>Gracias a la pronta respuesta de los equipos de emergencia, el afectado fue estabilizado en el lugar y posteriormente trasladado en una ambulancia de Protecci\u00f3n Civil a una cl\u00ednica particular para recibir una valoraci\u00f3n m\u00e9dica m\u00e1s detallada.<\/p>\n\n\n\n<p>El incidente ocurri\u00f3 la tarde de este domingo, cuando se recibi\u00f3 una llamada de auxilio solicitando atenci\u00f3n urgente para una persona que ten\u00eda dificultades para respirar; por ello, los elementos de Protecci\u00f3n Civil llegaron al sitio en pocos minutos, brindando los primeros auxilios necesarios y asegur\u00e1ndose de que el paciente recibiera el tratamiento adecuado durante el traslado.<\/p>\n\n\n\n<p>La actuaci\u00f3n de los elementos de Protecci\u00f3n Civil destaca el compromiso y la eficiencia del personal en situaciones de emergencia, subrayando la importancia de contar con un equipo bien preparado y capacitado para responder ante cualquier eventualidad que ponga en riesgo la salud de las y los huamantlecos.<\/p>\n","protected":false},"excerpt":{"rendered":"<p>Elementos de la Coordinaci\u00f3n de Protecci\u00f3n Civil de Huamantla realizaron una intervenci\u00f3n r\u00e1pida y efectiva al atender a una persona que presentaba problemas respiratorios en un domicilio ubicado en la calle Insurgentes de la cabecera municipal. Gracias a la pronta respuesta de los equipos de emergencia, el afectado fue estabilizado en el lugar y posteriormente [&hellip;]<\/p>\n","protected":false},"author":2,"featured_media":3235,"comment_status":"open","ping_status":"open","sticky":false,"template":"","format":"standard","meta":{"_themeisle_gutenberg_block_has_review":false,"footnotes":""},"categories":[26],"tags":[31,48],"class_list":["post-3287","post","type-post","status-publish","format-standard","has-post-thumbnail","hentry","category-municipio","tag-huamantla","tag-policia"],"_links":{"self":[{"href":"https:\/\/enminutostlx.com\/index.php?rest_route=\/wp\/v2\/posts\/3287","targetHints":{"allow":["GET"]}}],"collection":[{"href":"https:\/\/enminutostlx.com\/index.php?rest_route=\/wp\/v2\/posts"}],"about":[{"href":"https:\/\/enminutostlx.com\/index.php?rest_route=\/wp\/v2\/types\/post"}],"author":[{"embeddable":true,"href":"https:\/\/enminutostlx.com\/index.php?rest_route=\/wp\/v2\/users\/2"}],"replies":[{"embeddable":true,"href":"https:\/\/enminutostlx.com\/index.php?rest_route=%2Fwp%2Fv2%2Fcomments&post=3287"}],"version-history":[{"count":1,"href":"https:\/\/enminutostlx.com\/index.php?rest_route=\/wp\/v2\/posts\/3287\/revisions"}],"predecessor-version":[{"id":3288,"href":"https:\/\/enminutostlx.com\/index.php?rest_route=\/wp\/v2\/posts\/3287\/revisions\/3288"}],"wp:featuredmedia":[{"embeddable":true,"href":"https:\/\/enminutostlx.com\/index.php?rest_route=\/wp\/v2\/media\/3235"}],"wp:attachment":[{"href":"https:\/\/enminutostlx.com\/index.php?rest_route=%2Fwp%2Fv2%2Fmedia&parent=3287"}],"wp:term":[{"taxonomy":"category","embeddable":true,"href":"https:\/\/enminutostlx.com\/index.php?rest_route=%2Fwp%2Fv2%2Fcategories&post=3287"},{"taxonomy":"post_tag","embeddable":true,"href":"https:\/\/enminutostlx.com\/index.php?rest_route=%2Fwp%2Fv2%2Ftags&post=3287"}],"curies":[{"name":"wp","href":"https:\/\/api.w.org\/{rel}","templated":true}]}}