{"id":3323,"date":"2024-07-29T15:19:08","date_gmt":"2024-07-29T15:19:08","guid":{"rendered":"https:\/\/enminutostlx.com\/?p=3323"},"modified":"2024-07-29T22:08:52","modified_gmt":"2024-07-29T22:08:52","slug":"se-instalara-tianguis-semanal-en-el-bulevar-cuamanco-por-feria-de-huamantla","status":"publish","type":"post","link":"https:\/\/enminutostlx.com\/?p=3323","title":{"rendered":"SE INSTALAR\u00c1 TIANGUIS SEMANAL EN EL BULEVAR CUAMANCO POR FERIA DE HUAMANTLA"},"content":{"rendered":"\n<p><\/p>\n\n\n\n<p>\u00b7 A partir de ma\u00f1ana los puestos se colocar\u00e1n sobre el bulevar Cuamanco, desde avenida Ju\u00e1rez hasta el fraccionamiento San Carlos.<\/p>\n\n\n\n<p>Derivado de las actividades de la Feria Internacional del Arte Ef\u00edmero y la Dalia Huamantla 2024 en su Edici\u00f3n 150, el H. Ayuntamiento de Huamantla que preside de manera interina, Luz Mar\u00eda Calva Pimentel, anuncia que el tianguis semanal se instalar\u00e1 en el bulevar Cuamanco durante esta festividad.<\/p>\n\n\n\n<p>En ese sentido, a partir de este mi\u00e9rcoles 23 de julio hasta el 28 de agosto, el tianguis de los mi\u00e9rcoles se colocar\u00e1 sobre el bulevar Cuamanco, desde la avenida Ju\u00e1rez hasta llegar al Fraccionamiento San Carlos; por lo que se exhorta a los habitantes de la zona y conductores a extremar precauciones viales y considerar rutas alternas los d\u00edas de tianguis.<\/p>\n\n\n\n<p>Por ello, personal de Tr\u00e1nsito municipal estar\u00e1 brindando el apoyo correspondiente para mantener una circulaci\u00f3n fluida y eficiente en la zona, adem\u00e1s de asegurarse de que los consumidores transiten de manera segura.<\/p>\n\n\n\n<p>Finalmente, autoridades municipales agradecen la comprensi\u00f3n y cooperaci\u00f3n de todos los comerciantes y ciudadanos durante este per\u00edodo, ya que el Recinto Ferial recibir\u00e1 la fiesta anual en honor a la Virgen de La Caridad del 31 de julio al 31 de agosto.<\/p>\n","protected":false},"excerpt":{"rendered":"<p>\u00b7 A partir de ma\u00f1ana los puestos se colocar\u00e1n sobre el bulevar Cuamanco, desde avenida Ju\u00e1rez hasta el fraccionamiento San Carlos. Derivado de las actividades de la Feria Internacional del Arte Ef\u00edmero y la Dalia Huamantla 2024 en su Edici\u00f3n 150, el H. Ayuntamiento de Huamantla que preside de manera interina, Luz Mar\u00eda Calva Pimentel, [&hellip;]<\/p>\n","protected":false},"author":2,"featured_media":3324,"comment_status":"open","ping_status":"open","sticky":false,"template":"","format":"standard","meta":{"_themeisle_gutenberg_block_has_review":false,"footnotes":""},"categories":[26],"tags":[],"class_list":["post-3323","post","type-post","status-publish","format-standard","has-post-thumbnail","hentry","category-municipio"],"_links":{"self":[{"href":"https:\/\/enminutostlx.com\/index.php?rest_route=\/wp\/v2\/posts\/3323","targetHints":{"allow":["GET"]}}],"collection":[{"href":"https:\/\/enminutostlx.com\/index.php?rest_route=\/wp\/v2\/posts"}],"about":[{"href":"https:\/\/enminutostlx.com\/index.php?rest_route=\/wp\/v2\/types\/post"}],"author":[{"embeddable":true,"href":"https:\/\/enminutostlx.com\/index.php?rest_route=\/wp\/v2\/users\/2"}],"replies":[{"embeddable":true,"href":"https:\/\/enminutostlx.com\/index.php?rest_route=%2Fwp%2Fv2%2Fcomments&post=3323"}],"version-history":[{"count":1,"href":"https:\/\/enminutostlx.com\/index.php?rest_route=\/wp\/v2\/posts\/3323\/revisions"}],"predecessor-version":[{"id":3325,"href":"https:\/\/enminutostlx.com\/index.php?rest_route=\/wp\/v2\/posts\/3323\/revisions\/3325"}],"wp:featuredmedia":[{"embeddable":true,"href":"https:\/\/enminutostlx.com\/index.php?rest_route=\/wp\/v2\/media\/3324"}],"wp:attachment":[{"href":"https:\/\/enminutostlx.com\/index.php?rest_route=%2Fwp%2Fv2%2Fmedia&parent=3323"}],"wp:term":[{"taxonomy":"category","embeddable":true,"href":"https:\/\/enminutostlx.com\/index.php?rest_route=%2Fwp%2Fv2%2Fcategories&post=3323"},{"taxonomy":"post_tag","embeddable":true,"href":"https:\/\/enminutostlx.com\/index.php?rest_route=%2Fwp%2Fv2%2Ftags&post=3323"}],"curies":[{"name":"wp","href":"https:\/\/api.w.org\/{rel}","templated":true}]}}