{"id":342,"date":"2023-06-06T02:21:06","date_gmt":"2023-06-06T02:21:06","guid":{"rendered":"https:\/\/enminutostlx.com\/?p=342"},"modified":"2023-06-06T02:21:06","modified_gmt":"2023-06-06T02:21:06","slug":"por-alcoholico-detienen-a-funcionario-poderoso-de-lorena-cuellar-cisneros","status":"publish","type":"post","link":"https:\/\/enminutostlx.com\/?p=342","title":{"rendered":"Por alcoh\u00f3lico detienen a \u201cfuncionario poderoso\u201d de Lorena Cuellar Cisneros."},"content":{"rendered":"\n<p>Hace unos d\u00edas, fue detenido Santiago Dominguez Cruz, quien se desempe\u00f1a como Coordinador de Giras y Eventos Oficiales del Gobierno del Estado, esto por conductor aparentemente bajo los influjos del alcohol y a bordo de un veh\u00edculo oficial.<\/p>\n\n\n\n<p>Los hechos se registraron alrededor de las 01:15 horas la madrugada del pasado jueves 1 de junio en pleno centro de la ciudad capital, cuando circulaba en sentido contrario y de manera imprudente en pleno centro.<\/p>\n\n\n\n<p>Por lo que los uniformados al solicitar sus documentos, exigi\u00f3 lo dejaran libre pues es un \u201cpoderoso funcionario\u201d o de lo contrario dar\u00edan de baja a los uniformados.<\/p>\n\n\n\n<p>El \u201cPoderoso funcionario\u201d viajaba acompa\u00f1ado de una mujer a bordo de un autom\u00f3vil marca Volkswagen tipo Vento, color blanco, modelo 2017, con placas de circulaci\u00f3n XWY-262-B del Estado de Tlaxcala, el cual es propiedad del Gobierno del Estado de Tlaxcala seg\u00fan la tarjeta de circulaci\u00f3n 136378553 expedida por la extinta Secretar\u00eda de Comunicaciones y Transportes en el Estado (SECTE), hoy Secretaria de Movilidad y Transporte (SMyT).<\/p>\n\n\n\n<p>La historia concluy\u00f3 cuando el \u201cPoderoso funcionario\u201d evadi\u00f3 alg\u00fan tipo de acci\u00f3n administrativa por ser esposo de Ang\u00e9lica Dom\u00ednguez quien es \u201cvocera\u201d del gobierno de la morenista Lorena Cuellar Cisneros.<\/p>\n","protected":false},"excerpt":{"rendered":"<p>Hace unos d\u00edas, fue detenido Santiago Dominguez Cruz, quien se desempe\u00f1a como Coordinador de Giras y Eventos Oficiales del Gobierno del Estado, esto por conductor aparentemente bajo los influjos del alcohol y a bordo de un veh\u00edculo oficial. Los hechos se registraron alrededor de las 01:15 horas la madrugada del pasado jueves 1 de junio [&hellip;]<\/p>\n","protected":false},"author":2,"featured_media":343,"comment_status":"open","ping_status":"open","sticky":false,"template":"","format":"standard","meta":{"_themeisle_gutenberg_block_has_review":false,"footnotes":""},"categories":[25],"tags":[166,167,164,165],"class_list":["post-342","post","type-post","status-publish","format-standard","has-post-thumbnail","hentry","category-estado","tag-alcohol","tag-cuellar-cisneros","tag-estado","tag-funcionario"],"_links":{"self":[{"href":"https:\/\/enminutostlx.com\/index.php?rest_route=\/wp\/v2\/posts\/342","targetHints":{"allow":["GET"]}}],"collection":[{"href":"https:\/\/enminutostlx.com\/index.php?rest_route=\/wp\/v2\/posts"}],"about":[{"href":"https:\/\/enminutostlx.com\/index.php?rest_route=\/wp\/v2\/types\/post"}],"author":[{"embeddable":true,"href":"https:\/\/enminutostlx.com\/index.php?rest_route=\/wp\/v2\/users\/2"}],"replies":[{"embeddable":true,"href":"https:\/\/enminutostlx.com\/index.php?rest_route=%2Fwp%2Fv2%2Fcomments&post=342"}],"version-history":[{"count":1,"href":"https:\/\/enminutostlx.com\/index.php?rest_route=\/wp\/v2\/posts\/342\/revisions"}],"predecessor-version":[{"id":344,"href":"https:\/\/enminutostlx.com\/index.php?rest_route=\/wp\/v2\/posts\/342\/revisions\/344"}],"wp:featuredmedia":[{"embeddable":true,"href":"https:\/\/enminutostlx.com\/index.php?rest_route=\/wp\/v2\/media\/343"}],"wp:attachment":[{"href":"https:\/\/enminutostlx.com\/index.php?rest_route=%2Fwp%2Fv2%2Fmedia&parent=342"}],"wp:term":[{"taxonomy":"category","embeddable":true,"href":"https:\/\/enminutostlx.com\/index.php?rest_route=%2Fwp%2Fv2%2Fcategories&post=342"},{"taxonomy":"post_tag","embeddable":true,"href":"https:\/\/enminutostlx.com\/index.php?rest_route=%2Fwp%2Fv2%2Ftags&post=342"}],"curies":[{"name":"wp","href":"https:\/\/api.w.org\/{rel}","templated":true}]}}