{"id":3420,"date":"2024-08-30T02:09:39","date_gmt":"2024-08-30T02:09:39","guid":{"rendered":"https:\/\/enminutostlx.com\/?p=3420"},"modified":"2024-08-30T19:01:31","modified_gmt":"2024-08-30T19:01:31","slug":"con-alegria-y-devocion-inicia-la-feria-internacional-del-arte-efimero-y-la-dalia-huamantla-2024","status":"publish","type":"post","link":"https:\/\/enminutostlx.com\/?p=3420","title":{"rendered":"CON ALEGR\u00cdA Y DEVOCI\u00d3N INICIA LA FERIA INTERNACIONAL DEL ARTE EF\u00cdMERO Y LA DALIA HUAMANTLA 2024"},"content":{"rendered":"\n<p><\/p>\n\n\n\n<p>Con el tradicional Repique de Campanas en la Bas\u00edlica de la Virgen de La Caridad se dio inicio a la Feria del Arte Ef\u00edmero y la Dalia Huamantla 2024, misma que se realizar\u00e1 del 31 de julio al 31 de agosto, con eventos religiosos, culturales, taurinos, gastron\u00f3micos, deportivos y art\u00edsticos.<\/p>\n\n\n\n<p>La presidenta municipal interina de Huamantla, Luz Mar\u00eda Calva Pimentel, refiri\u00f3 que con motivo de la Edici\u00f3n 150 de esta festividad se ha preparado una serie de eventos conmemorativos donde el 95% ser\u00e1n gratuitos.<\/p>\n\n\n\n<p>En este primer evento, las autoridades municipales y eclesi\u00e1sticas dieron un recorrido por el \u201cMuseo de la Fe\u201d, donde entregaron reconocimientos a las participantes de las obras ah\u00ed expuestas; e inauguraron un m\u00f3dulo sanitario, un espacio remodelado por el gobierno municipal que beneficiar\u00e1 a todos los visitantes de la Bas\u00edlica.<\/p>\n\n\n\n<p>En entrevista colectiva, Luz Mar\u00eda Calva Pimentel, mencion\u00f3 que ma\u00f1ana se llevar\u00e1 a cabo el primer evento de la Feria con la Carrera de los Burros en el Lienzo Charro de Huamantla, a partir de las 11 de la ma\u00f1ana.<\/p>\n\n\n\n<p>Abund\u00f3 tambi\u00e9n que se han realizado mesas de trabajo con representantes de los tres niveles de gobierno para coordinar estrategias en materia de seguridad, de manera general durante la festividad; y con tareas espec\u00edficas para eventos de alto riesgo como la tradicional \u201cHuamantlada\u201d y la \u201cCarrera de Carcachas\u201d.<\/p>\n\n\n\n<p>Destac\u00f3 que, para el 14 de agosto que se realiza la \u201cNoche que Nadie Duerme\u201d, habr\u00e1 presencia policial permanente a trav\u00e9s del Grupo de Operaciones Especiales (Gopes), de la Unidad Canina K9, y de protecci\u00f3n civil; de igual manera, con puntos de seguridad en las entradas y salidas del municipio.<\/p>\n\n\n\n<p>Finalmente, hizo un llamado a las y los huamantlecos a disfrutar en familia, con orden y civilidad esta feria en honor a la Virgen de La Caridad, para que tanto visitantes como pobladores vivan una experiencia \u00fanica e inolvidable.<\/p>\n\n\n\n<p>Para conocer los eventos de la Feria Internacional del Arte Ef\u00edmero y la Dalia Huamantla 2024, est\u00e1 disponible la versi\u00f3n electr\u00f3nica a trav\u00e9s de las p\u00e1ginas de la p\u00e1gina de Facebook en \u201cHuamantla Feria Internacional 2024\u201d; y en Instagram, @FeriaHuamantlaTlax.<\/p>\n","protected":false},"excerpt":{"rendered":"<p>Con el tradicional Repique de Campanas en la Bas\u00edlica de la Virgen de La Caridad se dio inicio a la Feria del Arte Ef\u00edmero y la Dalia Huamantla 2024, misma que se realizar\u00e1 del 31 de julio al 31 de agosto, con eventos religiosos, culturales, taurinos, gastron\u00f3micos, deportivos y art\u00edsticos. La presidenta municipal interina de [&hellip;]<\/p>\n","protected":false},"author":2,"featured_media":3377,"comment_status":"open","ping_status":"open","sticky":false,"template":"","format":"standard","meta":{"_themeisle_gutenberg_block_has_review":false,"footnotes":""},"categories":[26],"tags":[31],"class_list":["post-3420","post","type-post","status-publish","format-standard","has-post-thumbnail","hentry","category-municipio","tag-huamantla"],"_links":{"self":[{"href":"https:\/\/enminutostlx.com\/index.php?rest_route=\/wp\/v2\/posts\/3420","targetHints":{"allow":["GET"]}}],"collection":[{"href":"https:\/\/enminutostlx.com\/index.php?rest_route=\/wp\/v2\/posts"}],"about":[{"href":"https:\/\/enminutostlx.com\/index.php?rest_route=\/wp\/v2\/types\/post"}],"author":[{"embeddable":true,"href":"https:\/\/enminutostlx.com\/index.php?rest_route=\/wp\/v2\/users\/2"}],"replies":[{"embeddable":true,"href":"https:\/\/enminutostlx.com\/index.php?rest_route=%2Fwp%2Fv2%2Fcomments&post=3420"}],"version-history":[{"count":1,"href":"https:\/\/enminutostlx.com\/index.php?rest_route=\/wp\/v2\/posts\/3420\/revisions"}],"predecessor-version":[{"id":3421,"href":"https:\/\/enminutostlx.com\/index.php?rest_route=\/wp\/v2\/posts\/3420\/revisions\/3421"}],"wp:featuredmedia":[{"embeddable":true,"href":"https:\/\/enminutostlx.com\/index.php?rest_route=\/wp\/v2\/media\/3377"}],"wp:attachment":[{"href":"https:\/\/enminutostlx.com\/index.php?rest_route=%2Fwp%2Fv2%2Fmedia&parent=3420"}],"wp:term":[{"taxonomy":"category","embeddable":true,"href":"https:\/\/enminutostlx.com\/index.php?rest_route=%2Fwp%2Fv2%2Fcategories&post=3420"},{"taxonomy":"post_tag","embeddable":true,"href":"https:\/\/enminutostlx.com\/index.php?rest_route=%2Fwp%2Fv2%2Ftags&post=3420"}],"curies":[{"name":"wp","href":"https:\/\/api.w.org\/{rel}","templated":true}]}}