{"id":3423,"date":"2024-08-30T03:57:41","date_gmt":"2024-08-30T03:57:41","guid":{"rendered":"https:\/\/enminutostlx.com\/?p=3423"},"modified":"2024-08-30T19:01:26","modified_gmt":"2024-08-30T19:01:26","slug":"tendra-huamantla-un-jueves-de-feria-lleno-de-emocion","status":"publish","type":"post","link":"https:\/\/enminutostlx.com\/?p=3423","title":{"rendered":"TENDR\u00c1 HUAMANTLA UN JUEVES DE FERIA LLENO DE EMOCI\u00d3N"},"content":{"rendered":"\n<p><\/p>\n\n\n\n<p>Como parte de las actividades de la Feria Internacional de Arte Ef\u00edmero y la Dalia Huamantla 2024, este jueves 1 de agosto se tendr\u00e1 una cartelera llena de emoci\u00f3n y tradici\u00f3n.<\/p>\n\n\n\n<p>A las 11 de la ma\u00f1ana, el Lienzo Charro de Huamantla abrir\u00e1 sus puertas para realizar la Gran Carrera de Burros y el Concurso de Disfraces de Burros; ah\u00ed mismo, se llevar\u00e1 a cabo la competencia del Palo Encebado y el Cerdito Encebado, con premios en efectivo y en especie.<\/p>\n\n\n\n<p>Por la tarde, el Museo Taurino inaugurar\u00e1 la Exposici\u00f3n de Artesanos Taurinos de Huamantla, esto ser\u00e1 a las 18:30 horas.<\/p>\n\n\n\n<p>A las 19:00 horas, en la Bas\u00edlica de la Virgen de la Caridad se llevar\u00e1 a cabo la tradicional serenata, este d\u00eda a cargo del personal del H. Ayuntamiento; y para finalizar la noche, ah\u00ed mismo, la presentaci\u00f3n art\u00edstica de \u201cLos Major\u00b4s\u201d.<\/p>\n\n\n\n<p>Finalmente, la autoridad municipal invita a las familias huamantlecas y visitantes a disfrutar de todas las actividades de esta festividad que se realiza en honor a la Virgen de La Caridad del 31 de julio al 31 de agosto.<\/p>\n\n\n\n<p>Para conocer el programa de la Feria pueden consultar la versi\u00f3n electr\u00f3nica a trav\u00e9s de la p\u00e1gina de Facebook en \u201cHuamantla Feria Internacional 2024\u201d; y en Instagram, @FeriaHuamantlaTlax.<\/p>\n","protected":false},"excerpt":{"rendered":"<p>Como parte de las actividades de la Feria Internacional de Arte Ef\u00edmero y la Dalia Huamantla 2024, este jueves 1 de agosto se tendr\u00e1 una cartelera llena de emoci\u00f3n y tradici\u00f3n. A las 11 de la ma\u00f1ana, el Lienzo Charro de Huamantla abrir\u00e1 sus puertas para realizar la Gran Carrera de Burros y el Concurso [&hellip;]<\/p>\n","protected":false},"author":2,"featured_media":3378,"comment_status":"open","ping_status":"open","sticky":false,"template":"","format":"standard","meta":{"_themeisle_gutenberg_block_has_review":false,"footnotes":""},"categories":[26],"tags":[],"class_list":["post-3423","post","type-post","status-publish","format-standard","has-post-thumbnail","hentry","category-municipio"],"_links":{"self":[{"href":"https:\/\/enminutostlx.com\/index.php?rest_route=\/wp\/v2\/posts\/3423","targetHints":{"allow":["GET"]}}],"collection":[{"href":"https:\/\/enminutostlx.com\/index.php?rest_route=\/wp\/v2\/posts"}],"about":[{"href":"https:\/\/enminutostlx.com\/index.php?rest_route=\/wp\/v2\/types\/post"}],"author":[{"embeddable":true,"href":"https:\/\/enminutostlx.com\/index.php?rest_route=\/wp\/v2\/users\/2"}],"replies":[{"embeddable":true,"href":"https:\/\/enminutostlx.com\/index.php?rest_route=%2Fwp%2Fv2%2Fcomments&post=3423"}],"version-history":[{"count":1,"href":"https:\/\/enminutostlx.com\/index.php?rest_route=\/wp\/v2\/posts\/3423\/revisions"}],"predecessor-version":[{"id":3424,"href":"https:\/\/enminutostlx.com\/index.php?rest_route=\/wp\/v2\/posts\/3423\/revisions\/3424"}],"wp:featuredmedia":[{"embeddable":true,"href":"https:\/\/enminutostlx.com\/index.php?rest_route=\/wp\/v2\/media\/3378"}],"wp:attachment":[{"href":"https:\/\/enminutostlx.com\/index.php?rest_route=%2Fwp%2Fv2%2Fmedia&parent=3423"}],"wp:term":[{"taxonomy":"category","embeddable":true,"href":"https:\/\/enminutostlx.com\/index.php?rest_route=%2Fwp%2Fv2%2Fcategories&post=3423"},{"taxonomy":"post_tag","embeddable":true,"href":"https:\/\/enminutostlx.com\/index.php?rest_route=%2Fwp%2Fv2%2Ftags&post=3423"}],"curies":[{"name":"wp","href":"https:\/\/api.w.org\/{rel}","templated":true}]}}