{"id":3429,"date":"2024-08-30T04:00:37","date_gmt":"2024-08-30T04:00:37","guid":{"rendered":"https:\/\/enminutostlx.com\/?p=3429"},"modified":"2024-08-30T19:01:09","modified_gmt":"2024-08-30T19:01:09","slug":"ayuntamiento-de-huamantla-celebra-con-fe-y-tradicion-a-la-virgen-de-la-caridad","status":"publish","type":"post","link":"https:\/\/enminutostlx.com\/?p=3429","title":{"rendered":"AYUNTAMIENTO DE HUAMANTLA CELEBRA CON FE Y TRADICI\u00d3N A LA VIRGEN DE LA CARIDAD"},"content":{"rendered":"\n<p><\/p>\n\n\n\n<p>El H. Ayuntamiento de Huamantla llev\u00f3 a cabo una emotiva serenata con mariachi, que dio inicio a una caminata desde la Presidencia Municipal hasta el atrio de La Bas\u00edlica, como parte de los festejos en honor a la Virgen de La Caridad.<\/p>\n\n\n\n<p>La presidenta municipal interina, Luz Mar\u00eda Calva Pimentel, acompa\u00f1ada de autoridades del gobierno municipal y trabajadores de diversas coordinaciones, encabez\u00f3 esta significativa celebraci\u00f3n.<\/p>\n\n\n\n<p>Durante el evento, la presidenta invit\u00f3 a la ciudadan\u00eda a participar en los diversos eventos religiosos, art\u00edsticos y culturales que forman parte de la Feria Internacional del Arte Ef\u00edmero y la Dalia en su edici\u00f3n 150.<\/p>\n\n\n\n<p>Finalmente, el gobierno municipal hace una invitaci\u00f3n a los residentes y visitantes para que disfruten de lo mejor del arte ef\u00edmero y la cultura en un ambiente festivo y acogedor.<\/p>\n","protected":false},"excerpt":{"rendered":"<p>El H. Ayuntamiento de Huamantla llev\u00f3 a cabo una emotiva serenata con mariachi, que dio inicio a una caminata desde la Presidencia Municipal hasta el atrio de La Bas\u00edlica, como parte de los festejos en honor a la Virgen de La Caridad. La presidenta municipal interina, Luz Mar\u00eda Calva Pimentel, acompa\u00f1ada de autoridades del gobierno [&hellip;]<\/p>\n","protected":false},"author":2,"featured_media":3381,"comment_status":"open","ping_status":"open","sticky":false,"template":"","format":"standard","meta":{"_themeisle_gutenberg_block_has_review":false,"footnotes":""},"categories":[26],"tags":[31],"class_list":["post-3429","post","type-post","status-publish","format-standard","has-post-thumbnail","hentry","category-municipio","tag-huamantla"],"_links":{"self":[{"href":"https:\/\/enminutostlx.com\/index.php?rest_route=\/wp\/v2\/posts\/3429","targetHints":{"allow":["GET"]}}],"collection":[{"href":"https:\/\/enminutostlx.com\/index.php?rest_route=\/wp\/v2\/posts"}],"about":[{"href":"https:\/\/enminutostlx.com\/index.php?rest_route=\/wp\/v2\/types\/post"}],"author":[{"embeddable":true,"href":"https:\/\/enminutostlx.com\/index.php?rest_route=\/wp\/v2\/users\/2"}],"replies":[{"embeddable":true,"href":"https:\/\/enminutostlx.com\/index.php?rest_route=%2Fwp%2Fv2%2Fcomments&post=3429"}],"version-history":[{"count":1,"href":"https:\/\/enminutostlx.com\/index.php?rest_route=\/wp\/v2\/posts\/3429\/revisions"}],"predecessor-version":[{"id":3430,"href":"https:\/\/enminutostlx.com\/index.php?rest_route=\/wp\/v2\/posts\/3429\/revisions\/3430"}],"wp:featuredmedia":[{"embeddable":true,"href":"https:\/\/enminutostlx.com\/index.php?rest_route=\/wp\/v2\/media\/3381"}],"wp:attachment":[{"href":"https:\/\/enminutostlx.com\/index.php?rest_route=%2Fwp%2Fv2%2Fmedia&parent=3429"}],"wp:term":[{"taxonomy":"category","embeddable":true,"href":"https:\/\/enminutostlx.com\/index.php?rest_route=%2Fwp%2Fv2%2Fcategories&post=3429"},{"taxonomy":"post_tag","embeddable":true,"href":"https:\/\/enminutostlx.com\/index.php?rest_route=%2Fwp%2Fv2%2Ftags&post=3429"}],"curies":[{"name":"wp","href":"https:\/\/api.w.org\/{rel}","templated":true}]}}