{"id":3431,"date":"2024-08-30T04:01:47","date_gmt":"2024-08-30T04:01:47","guid":{"rendered":"https:\/\/enminutostlx.com\/?p=3431"},"modified":"2024-08-30T19:01:04","modified_gmt":"2024-08-30T19:01:04","slug":"tradicion-y-emocion-se-vivira-en-el-desfile-de-la-dalia-de-la-feria-huamantla-2024","status":"publish","type":"post","link":"https:\/\/enminutostlx.com\/?p=3431","title":{"rendered":"TRADICI\u00d3N Y EMOCI\u00d3N SE VIVIR\u00c1 EN EL DESFILE DE LA DALIA DE LA FERIA HUAMANTLA 2024"},"content":{"rendered":"\n<p><\/p>\n\n\n\n<p>El Sistema Municipal para el Desarrollo Integral de la Familia (DIF) Huamantla, invita al Gran Desfile de la Dalia, que se realizar\u00e1 en el marco de la Feria Internacional del Arte Ef\u00edmero y la Dalia 2024, el pr\u00f3ximo domingo 4 de agosto a las 10 de la ma\u00f1ana por las principales calles de la ciudad.<\/p>\n\n\n\n<p>La presidenta municipal interina, Luz Mar\u00eda Calva Pimentel, se\u00f1al\u00f3 que este evento llena las calles de fiesta, color y diversi\u00f3n, adem\u00e1s de que destaca uno de los principales emblemas del municipio que es la flor de la dalia, que tambi\u00e9n es protagonista en las alfombras y tapetes de aserr\u00edn durante esta festividad.<\/p>\n\n\n\n<p>Por su parte, el SMDIF Huamantla inform\u00f3 a trav\u00e9s de sus redes sociales que el desfile iniciar\u00e1 desde el Monumento al Toro y bajar\u00e1 por la calle Hidalgo poniente hasta la Avenida Ju\u00e1rez, girar\u00e1 hacia la calle Abasolo para tomar Allende y terminar en el bulevar Cuamanco.<\/p>\n\n\n\n<p>Por ello, se recomienda a los conductores tomar sus precauciones para transitar por la cabecera municipal, ya que la Direcci\u00f3n de Seguridad P\u00fablica, Tr\u00e1nsito y Protecci\u00f3n Civil de Huamantla, desplegar\u00e1 un operativo de seguridad desde temprana hora con cortes a la circulaci\u00f3n, debido al Tradicional Convite de Barrios que tambi\u00e9n se realizar\u00e1 el pr\u00f3ximo domingo a partir de las 6:00 a.m. desde la Plazuela de Santa Cruz bajando por la calle Hidalgo, por Avenida Ju\u00e1rez hasta llegar a la Bas\u00edlica de la Virgen de La Caridad.<\/p>\n\n\n\n<p>Con estas acciones, se fortalece la identidad y el valor cultural del Pueblo M\u00e1gico que celebra su fiesta en honor a la Virgen de La Caridad, la cual se realiza del 31 de julio al 31 de agosto.<\/p>\n","protected":false},"excerpt":{"rendered":"<p>El Sistema Municipal para el Desarrollo Integral de la Familia (DIF) Huamantla, invita al Gran Desfile de la Dalia, que se realizar\u00e1 en el marco de la Feria Internacional del Arte Ef\u00edmero y la Dalia 2024, el pr\u00f3ximo domingo 4 de agosto a las 10 de la ma\u00f1ana por las principales calles de la ciudad. [&hellip;]<\/p>\n","protected":false},"author":2,"featured_media":3383,"comment_status":"open","ping_status":"open","sticky":false,"template":"","format":"standard","meta":{"_themeisle_gutenberg_block_has_review":false,"footnotes":""},"categories":[26],"tags":[31],"class_list":["post-3431","post","type-post","status-publish","format-standard","has-post-thumbnail","hentry","category-municipio","tag-huamantla"],"_links":{"self":[{"href":"https:\/\/enminutostlx.com\/index.php?rest_route=\/wp\/v2\/posts\/3431","targetHints":{"allow":["GET"]}}],"collection":[{"href":"https:\/\/enminutostlx.com\/index.php?rest_route=\/wp\/v2\/posts"}],"about":[{"href":"https:\/\/enminutostlx.com\/index.php?rest_route=\/wp\/v2\/types\/post"}],"author":[{"embeddable":true,"href":"https:\/\/enminutostlx.com\/index.php?rest_route=\/wp\/v2\/users\/2"}],"replies":[{"embeddable":true,"href":"https:\/\/enminutostlx.com\/index.php?rest_route=%2Fwp%2Fv2%2Fcomments&post=3431"}],"version-history":[{"count":1,"href":"https:\/\/enminutostlx.com\/index.php?rest_route=\/wp\/v2\/posts\/3431\/revisions"}],"predecessor-version":[{"id":3432,"href":"https:\/\/enminutostlx.com\/index.php?rest_route=\/wp\/v2\/posts\/3431\/revisions\/3432"}],"wp:featuredmedia":[{"embeddable":true,"href":"https:\/\/enminutostlx.com\/index.php?rest_route=\/wp\/v2\/media\/3383"}],"wp:attachment":[{"href":"https:\/\/enminutostlx.com\/index.php?rest_route=%2Fwp%2Fv2%2Fmedia&parent=3431"}],"wp:term":[{"taxonomy":"category","embeddable":true,"href":"https:\/\/enminutostlx.com\/index.php?rest_route=%2Fwp%2Fv2%2Fcategories&post=3431"},{"taxonomy":"post_tag","embeddable":true,"href":"https:\/\/enminutostlx.com\/index.php?rest_route=%2Fwp%2Fv2%2Ftags&post=3431"}],"curies":[{"name":"wp","href":"https:\/\/api.w.org\/{rel}","templated":true}]}}