{"id":3440,"date":"2024-08-30T04:05:03","date_gmt":"2024-08-30T04:05:03","guid":{"rendered":"https:\/\/enminutostlx.com\/?p=3440"},"modified":"2024-08-30T19:00:45","modified_gmt":"2024-08-30T19:00:45","slug":"fortalece-el-pueblo-magico-de-huamantla-tradiciones-culturales-durante-la-feria-2024","status":"publish","type":"post","link":"https:\/\/enminutostlx.com\/?p=3440","title":{"rendered":"FORTALECE EL PUEBLO M\u00c1GICO DE HUAMANTLA TRADICIONES CULTURALES DURANTE LA FERIA 2024"},"content":{"rendered":"\n<p><\/p>\n\n\n\n<p>Como parte de las acciones para fortalecer y preservar las tradiciones culturales entre los municipios de Huamantla e Ixtenco, la noche de este domingo se llev\u00f3 a cabo con gran \u00e9xito la Callejoneada &#8220;Ritual Tradicional Otom\u00ed&#8221;.<\/p>\n\n\n\n<p>El evento, que reuni\u00f3 a autoridades municipales de ambos Pueblos M\u00e1gicos, transform\u00f3 las principales calles de la ciudad en un espect\u00e1culo lleno de esplendor, cautivando tanto a residentes locales como a visitantes.<\/p>\n\n\n\n<p>Con un ambiente lleno de energ\u00eda, la comparsa desfil\u00f3 a lo largo de varias calles, culminando en el Parque Ju\u00e1rez. All\u00ed, los asistentes disfrutaron de la actuaci\u00f3n de la banda de viento &#8220;Morir por tu amor&#8221;, originaria de Ixtenco, que agreg\u00f3 un toque especial a la celebraci\u00f3n.<\/p>\n\n\n\n<p>En su intervenci\u00f3n, la alcaldesa interina de Huamantla, Luz Mar\u00eda Calva Pimentel, expres\u00f3 su agradecimiento al municipio de Ixtenco por su destacada participaci\u00f3n en la Feria Internacional del Arte Ef\u00edmero y la Dalia 2024, que celebra su 150\u00aa edici\u00f3n.<\/p>\n\n\n\n<p>Este tipo de eventos son un puente cultural que une a los dos Pueblos M\u00e1gicos y reafirma el compromiso de ambas administraciones por preservar las tradiciones que les otorgan identidad y vitalidad tambi\u00e9n a Tlaxcala.<\/p>\n","protected":false},"excerpt":{"rendered":"<p>Como parte de las acciones para fortalecer y preservar las tradiciones culturales entre los municipios de Huamantla e Ixtenco, la noche de este domingo se llev\u00f3 a cabo con gran \u00e9xito la Callejoneada &#8220;Ritual Tradicional Otom\u00ed&#8221;. El evento, que reuni\u00f3 a autoridades municipales de ambos Pueblos M\u00e1gicos, transform\u00f3 las principales calles de la ciudad en [&hellip;]<\/p>\n","protected":false},"author":2,"featured_media":3387,"comment_status":"open","ping_status":"open","sticky":false,"template":"","format":"standard","meta":{"_themeisle_gutenberg_block_has_review":false,"footnotes":""},"categories":[26],"tags":[31],"class_list":["post-3440","post","type-post","status-publish","format-standard","has-post-thumbnail","hentry","category-municipio","tag-huamantla"],"_links":{"self":[{"href":"https:\/\/enminutostlx.com\/index.php?rest_route=\/wp\/v2\/posts\/3440","targetHints":{"allow":["GET"]}}],"collection":[{"href":"https:\/\/enminutostlx.com\/index.php?rest_route=\/wp\/v2\/posts"}],"about":[{"href":"https:\/\/enminutostlx.com\/index.php?rest_route=\/wp\/v2\/types\/post"}],"author":[{"embeddable":true,"href":"https:\/\/enminutostlx.com\/index.php?rest_route=\/wp\/v2\/users\/2"}],"replies":[{"embeddable":true,"href":"https:\/\/enminutostlx.com\/index.php?rest_route=%2Fwp%2Fv2%2Fcomments&post=3440"}],"version-history":[{"count":1,"href":"https:\/\/enminutostlx.com\/index.php?rest_route=\/wp\/v2\/posts\/3440\/revisions"}],"predecessor-version":[{"id":3441,"href":"https:\/\/enminutostlx.com\/index.php?rest_route=\/wp\/v2\/posts\/3440\/revisions\/3441"}],"wp:featuredmedia":[{"embeddable":true,"href":"https:\/\/enminutostlx.com\/index.php?rest_route=\/wp\/v2\/media\/3387"}],"wp:attachment":[{"href":"https:\/\/enminutostlx.com\/index.php?rest_route=%2Fwp%2Fv2%2Fmedia&parent=3440"}],"wp:term":[{"taxonomy":"category","embeddable":true,"href":"https:\/\/enminutostlx.com\/index.php?rest_route=%2Fwp%2Fv2%2Fcategories&post=3440"},{"taxonomy":"post_tag","embeddable":true,"href":"https:\/\/enminutostlx.com\/index.php?rest_route=%2Fwp%2Fv2%2Ftags&post=3440"}],"curies":[{"name":"wp","href":"https:\/\/api.w.org\/{rel}","templated":true}]}}