{"id":346,"date":"2023-06-06T02:35:17","date_gmt":"2023-06-06T02:35:17","guid":{"rendered":"https:\/\/enminutostlx.com\/?p=346"},"modified":"2023-06-06T02:35:17","modified_gmt":"2023-06-06T02:35:17","slug":"conmemoran-en-terrenate-dia-naranja","status":"publish","type":"post","link":"https:\/\/enminutostlx.com\/?p=346","title":{"rendered":"Conmemoran en Terrenate \u201cD\u00eda naranja\u201d."},"content":{"rendered":"\n<p>El H. Ayuntamiento de Terrenate a trav\u00e9s del Instituto Municipal de la Mujer (IMM), con motivo del d\u00eda 25 de cada mes \u201cD\u00eda Naranja&#8221;, realiz\u00f3 la<br>&#8220;1er Feria de la Sexualidad&#8221;, para generar conciencia y erradicar la violencia hacia la mujer.<\/p>\n\n\n\n<p>Dicho evento se llev\u00f3 a cabo en el plantel CECytE 03 en coordinaci\u00f3n con DDESER (Asociacion por los derechos sexuales y reproductivos en M\u00e9xico).<\/p>\n\n\n\n<p>Con el objetivo de proporcionar a los j\u00f3venes informaci\u00f3n y herramientas sobre el ejercicio pleno de sus derechos sexuales, as\u00ed como eliminar mitos que se tienen en torno a la sexualidad, tomando acciones encaminadas a prevenir embarazos no deseados y enfermedades de transmisi\u00f3n sexual.<\/p>\n","protected":false},"excerpt":{"rendered":"<p>El H. Ayuntamiento de Terrenate a trav\u00e9s del Instituto Municipal de la Mujer (IMM), con motivo del d\u00eda 25 de cada mes \u201cD\u00eda Naranja&#8221;, realiz\u00f3 la&#8220;1er Feria de la Sexualidad&#8221;, para generar conciencia y erradicar la violencia hacia la mujer. Dicho evento se llev\u00f3 a cabo en el plantel CECytE 03 en coordinaci\u00f3n con DDESER [&hellip;]<\/p>\n","protected":false},"author":2,"featured_media":347,"comment_status":"open","ping_status":"open","sticky":false,"template":"","format":"standard","meta":{"_themeisle_gutenberg_block_has_review":false,"footnotes":""},"categories":[26],"tags":[169,168,157],"class_list":["post-346","post","type-post","status-publish","format-standard","has-post-thumbnail","hentry","category-municipio","tag-conmemoracion","tag-dia-naranja","tag-terrenate"],"_links":{"self":[{"href":"https:\/\/enminutostlx.com\/index.php?rest_route=\/wp\/v2\/posts\/346","targetHints":{"allow":["GET"]}}],"collection":[{"href":"https:\/\/enminutostlx.com\/index.php?rest_route=\/wp\/v2\/posts"}],"about":[{"href":"https:\/\/enminutostlx.com\/index.php?rest_route=\/wp\/v2\/types\/post"}],"author":[{"embeddable":true,"href":"https:\/\/enminutostlx.com\/index.php?rest_route=\/wp\/v2\/users\/2"}],"replies":[{"embeddable":true,"href":"https:\/\/enminutostlx.com\/index.php?rest_route=%2Fwp%2Fv2%2Fcomments&post=346"}],"version-history":[{"count":1,"href":"https:\/\/enminutostlx.com\/index.php?rest_route=\/wp\/v2\/posts\/346\/revisions"}],"predecessor-version":[{"id":348,"href":"https:\/\/enminutostlx.com\/index.php?rest_route=\/wp\/v2\/posts\/346\/revisions\/348"}],"wp:featuredmedia":[{"embeddable":true,"href":"https:\/\/enminutostlx.com\/index.php?rest_route=\/wp\/v2\/media\/347"}],"wp:attachment":[{"href":"https:\/\/enminutostlx.com\/index.php?rest_route=%2Fwp%2Fv2%2Fmedia&parent=346"}],"wp:term":[{"taxonomy":"category","embeddable":true,"href":"https:\/\/enminutostlx.com\/index.php?rest_route=%2Fwp%2Fv2%2Fcategories&post=346"},{"taxonomy":"post_tag","embeddable":true,"href":"https:\/\/enminutostlx.com\/index.php?rest_route=%2Fwp%2Fv2%2Ftags&post=346"}],"curies":[{"name":"wp","href":"https:\/\/api.w.org\/{rel}","templated":true}]}}