{"id":3466,"date":"2024-08-30T04:16:05","date_gmt":"2024-08-30T04:16:05","guid":{"rendered":"https:\/\/enminutostlx.com\/?p=3466"},"modified":"2024-08-30T18:54:17","modified_gmt":"2024-08-30T18:54:17","slug":"jovenes-de-huamantla-son-reconocidos-con-el-premio-municipal-de-la-juventud-2024","status":"publish","type":"post","link":"https:\/\/enminutostlx.com\/?p=3466","title":{"rendered":"J\u00d3VENES DE HUAMANTLA SON RECONOCIDOS CON EL PREMIO MUNICIPAL DE LA JUVENTUD 2024"},"content":{"rendered":"\n<p><\/p>\n\n\n\n<p>En el marco de la Feria Internacional del Arte Ef\u00edmero y la Dalia 2024, se llev\u00f3 a cabo la entrega del Premio Municipal de la Juventud, un evento que reconoci\u00f3 a j\u00f3venes huamantlecos por sus destacadas contribuciones en las categor\u00edas de fotograf\u00eda y video, composici\u00f3n de canci\u00f3n y actos altruistas.<\/p>\n\n\n\n<p>Este premio no solo celebra sus logros, tambi\u00e9n busca inspirar a m\u00e1s j\u00f3venes a involucrarse en actividades que promuevan el desarrollo de sus habilidades, as\u00ed como el bienestar social, destacaron las autoridades municipales presentes.<\/p>\n\n\n\n<p>Los j\u00f3venes premiados demostraron una notable dedicaci\u00f3n y creatividad en sus respectivos campos. En ese sentido, en la categor\u00eda de fotograf\u00eda y video, fue reconocido Armando Aguilar Guti\u00e9rrez, quien captur\u00f3 con su lente la esencia de la cultura local a trav\u00e9s de im\u00e1genes cautivadoras.<\/p>\n\n\n\n<p>En composici\u00f3n de canci\u00f3n, el ganador fue Jos\u00e9 Eduardo Hern\u00e1ndez Montes con \u201cHuamantla querida\u201d, donde expres\u00f3 su amor por esta tierra llena de tradiciones y costumbres.<\/p>\n\n\n\n<p>Asimismo, fueron reconocidos Valente de Jes\u00fas Mac\u00edas Mijares, por sus actos altruistas al construir el santuario \u201cGranja de ajolotes ambystoma tigrinum\u201d, para la preservaci\u00f3n de esta especie; y Rafael Rojas Hern\u00e1ndez, por sus acciones para promover la equidad de g\u00e9nero y la inclusi\u00f3n.<\/p>\n\n\n\n<p>La entrega del Premio Municipal de la Juventud, subraya el compromiso del municipio con el fomento de la creatividad y el servicio comunitario entre sus j\u00f3venes, e inspirar a las nuevas generaciones a contribuir de manera positiva al desarrollo de Huamantla.<\/p>\n","protected":false},"excerpt":{"rendered":"<p>En el marco de la Feria Internacional del Arte Ef\u00edmero y la Dalia 2024, se llev\u00f3 a cabo la entrega del Premio Municipal de la Juventud, un evento que reconoci\u00f3 a j\u00f3venes huamantlecos por sus destacadas contribuciones en las categor\u00edas de fotograf\u00eda y video, composici\u00f3n de canci\u00f3n y actos altruistas. Este premio no solo celebra [&hellip;]<\/p>\n","protected":false},"author":2,"featured_media":3398,"comment_status":"open","ping_status":"open","sticky":false,"template":"","format":"standard","meta":{"_themeisle_gutenberg_block_has_review":false,"footnotes":""},"categories":[26],"tags":[31],"class_list":["post-3466","post","type-post","status-publish","format-standard","has-post-thumbnail","hentry","category-municipio","tag-huamantla"],"_links":{"self":[{"href":"https:\/\/enminutostlx.com\/index.php?rest_route=\/wp\/v2\/posts\/3466","targetHints":{"allow":["GET"]}}],"collection":[{"href":"https:\/\/enminutostlx.com\/index.php?rest_route=\/wp\/v2\/posts"}],"about":[{"href":"https:\/\/enminutostlx.com\/index.php?rest_route=\/wp\/v2\/types\/post"}],"author":[{"embeddable":true,"href":"https:\/\/enminutostlx.com\/index.php?rest_route=\/wp\/v2\/users\/2"}],"replies":[{"embeddable":true,"href":"https:\/\/enminutostlx.com\/index.php?rest_route=%2Fwp%2Fv2%2Fcomments&post=3466"}],"version-history":[{"count":1,"href":"https:\/\/enminutostlx.com\/index.php?rest_route=\/wp\/v2\/posts\/3466\/revisions"}],"predecessor-version":[{"id":3467,"href":"https:\/\/enminutostlx.com\/index.php?rest_route=\/wp\/v2\/posts\/3466\/revisions\/3467"}],"wp:featuredmedia":[{"embeddable":true,"href":"https:\/\/enminutostlx.com\/index.php?rest_route=\/wp\/v2\/media\/3398"}],"wp:attachment":[{"href":"https:\/\/enminutostlx.com\/index.php?rest_route=%2Fwp%2Fv2%2Fmedia&parent=3466"}],"wp:term":[{"taxonomy":"category","embeddable":true,"href":"https:\/\/enminutostlx.com\/index.php?rest_route=%2Fwp%2Fv2%2Fcategories&post=3466"},{"taxonomy":"post_tag","embeddable":true,"href":"https:\/\/enminutostlx.com\/index.php?rest_route=%2Fwp%2Fv2%2Ftags&post=3466"}],"curies":[{"name":"wp","href":"https:\/\/api.w.org\/{rel}","templated":true}]}}