{"id":3470,"date":"2024-08-30T04:17:50","date_gmt":"2024-08-30T04:17:50","guid":{"rendered":"https:\/\/enminutostlx.com\/?p=3470"},"modified":"2024-08-30T18:46:21","modified_gmt":"2024-08-30T18:46:21","slug":"con-la-presentacion-de-mi-banda-el-mexicano-inicia-el-segundo-fin-de-semana-de-la-feria-de-huamantla","status":"publish","type":"post","link":"https:\/\/enminutostlx.com\/?p=3470","title":{"rendered":"CON LA PRESENTACI\u00d3N DE MI BANDA EL MEXICANO INICIA EL SEGUNDO FIN DE SEMANA DE LA FERIA DE HUAMANTLA"},"content":{"rendered":"\n<p><\/p>\n\n\n\n<p>El Foro del Artista vivi\u00f3 una noche vibrante y llena de energ\u00eda con la presentaci\u00f3n de \u201cMi Banda el Mexicano de Casimiro\u201d, marcando el inicio del segundo fin de semana de la Feria Internacional del Arte Ef\u00edmero y la Dalia Huamantla 2024.<\/p>\n\n\n\n<p>Este concierto, que se convirti\u00f3 en uno de los principales atractivos de este fin de semana, atrajo a una gran cantidad de espectadores que llenaron el recinto para disfrutar de una noche inolvidable.<\/p>\n\n\n\n<p>La banda, conocida por su estilo \u00fanico y su capacidad para animar a las multitudes, ofreci\u00f3 un espect\u00e1culo que combin\u00f3 ritmos contagiosos con una presencia esc\u00e9nica impresionante. Desde el primer acorde hasta el \u00faltimo aplauso, la conexi\u00f3n entre los artistas y el p\u00fablico fue palpable, creando una atm\u00f3sfera de alegr\u00eda y entusiasmo que se reflej\u00f3 en los rostros de los miles de asistentes.<\/p>\n\n\n\n<p>El gobierno municipal de Huamantla, invita a todos a no perderse los pr\u00f3ximos eventos que forman parte de esta destacada feria en honor a la Virgen de La Caridad, en donde se incluye una variedad de actividades art\u00edsticas que van desde conciertos hasta exposiciones, asegurando que haya algo para todos los gustos.<\/p>\n","protected":false},"excerpt":{"rendered":"<p>El Foro del Artista vivi\u00f3 una noche vibrante y llena de energ\u00eda con la presentaci\u00f3n de \u201cMi Banda el Mexicano de Casimiro\u201d, marcando el inicio del segundo fin de semana de la Feria Internacional del Arte Ef\u00edmero y la Dalia Huamantla 2024. Este concierto, que se convirti\u00f3 en uno de los principales atractivos de este [&hellip;]<\/p>\n","protected":false},"author":2,"featured_media":3399,"comment_status":"open","ping_status":"open","sticky":false,"template":"","format":"standard","meta":{"_themeisle_gutenberg_block_has_review":false,"footnotes":""},"categories":[26],"tags":[31],"class_list":["post-3470","post","type-post","status-publish","format-standard","has-post-thumbnail","hentry","category-municipio","tag-huamantla"],"_links":{"self":[{"href":"https:\/\/enminutostlx.com\/index.php?rest_route=\/wp\/v2\/posts\/3470","targetHints":{"allow":["GET"]}}],"collection":[{"href":"https:\/\/enminutostlx.com\/index.php?rest_route=\/wp\/v2\/posts"}],"about":[{"href":"https:\/\/enminutostlx.com\/index.php?rest_route=\/wp\/v2\/types\/post"}],"author":[{"embeddable":true,"href":"https:\/\/enminutostlx.com\/index.php?rest_route=\/wp\/v2\/users\/2"}],"replies":[{"embeddable":true,"href":"https:\/\/enminutostlx.com\/index.php?rest_route=%2Fwp%2Fv2%2Fcomments&post=3470"}],"version-history":[{"count":1,"href":"https:\/\/enminutostlx.com\/index.php?rest_route=\/wp\/v2\/posts\/3470\/revisions"}],"predecessor-version":[{"id":3471,"href":"https:\/\/enminutostlx.com\/index.php?rest_route=\/wp\/v2\/posts\/3470\/revisions\/3471"}],"wp:featuredmedia":[{"embeddable":true,"href":"https:\/\/enminutostlx.com\/index.php?rest_route=\/wp\/v2\/media\/3399"}],"wp:attachment":[{"href":"https:\/\/enminutostlx.com\/index.php?rest_route=%2Fwp%2Fv2%2Fmedia&parent=3470"}],"wp:term":[{"taxonomy":"category","embeddable":true,"href":"https:\/\/enminutostlx.com\/index.php?rest_route=%2Fwp%2Fv2%2Fcategories&post=3470"},{"taxonomy":"post_tag","embeddable":true,"href":"https:\/\/enminutostlx.com\/index.php?rest_route=%2Fwp%2Fv2%2Ftags&post=3470"}],"curies":[{"name":"wp","href":"https:\/\/api.w.org\/{rel}","templated":true}]}}