{"id":3485,"date":"2024-08-30T04:24:26","date_gmt":"2024-08-30T04:24:26","guid":{"rendered":"https:\/\/enminutostlx.com\/?p=3485"},"modified":"2024-08-30T18:45:47","modified_gmt":"2024-08-30T18:45:47","slug":"saldo-blanco-en-los-primeros-15-dias-de-la-feria-reporta-la-policia-de-huamantla","status":"publish","type":"post","link":"https:\/\/enminutostlx.com\/?p=3485","title":{"rendered":"SALDO BLANCO EN LOS PRIMEROS 15 D\u00cdAS DE LA FERIA REPORTA LA POLIC\u00cdA DE HUAMANTLA"},"content":{"rendered":"\n<p><\/p>\n\n\n\n<p><\/p>\n\n\n\n<p>Gracias a la eficaz coordinaci\u00f3n policiaca encabezada por la Direcci\u00f3n de Seguridad P\u00fablica de Huamantla, los primeros 15 d\u00edas de la Feria Internacional del Arte Ef\u00edmero y la Dalia 2024, han transcurrido con saldo blanco, registr\u00e1ndose \u00fanicamente incidentes menores que han sido atendidos de manera oportuna.<\/p>\n\n\n\n<p>Autoridades municipales informaron que se ha desplegado un amplio operativo de seguridad tanto al interior del recinto ferial como en sus alrededores, con puntos de control estrat\u00e9gicos en las entradas y salidas del municipio.<\/p>\n\n\n\n<p>Este despliegue ha permitido mantener el orden y garantizar la seguridad de los miles de visitantes que acuden diariamente a este Pueblo M\u00e1gico.<\/p>\n\n\n\n<p>Adem\u00e1s, para los eventos masivos que forman parte del programa de la feria, se cuenta con el apoyo de la Polic\u00eda Estatal, la Guardia Nacional y la Cruz Roja. Estas instituciones trabajan de manera conjunta para asegurar que las actividades se desarrollen en un ambiente de tranquilidad, brindando una respuesta r\u00e1pida y eficaz en caso de cualquier eventualidad.<\/p>\n\n\n\n<p>Finalmente, la Direcci\u00f3n de Seguridad P\u00fablica de Huamantla agradece la colaboraci\u00f3n de todas las corporaciones involucradas y hace un llamado a la ciudadan\u00eda para seguir disfrutando de la feria con responsabilidad y respeto a las normas establecidas, contribuyendo as\u00ed a mantener este saldo positivo hasta el final de las festividades.<\/p>\n","protected":false},"excerpt":{"rendered":"<p>Gracias a la eficaz coordinaci\u00f3n policiaca encabezada por la Direcci\u00f3n de Seguridad P\u00fablica de Huamantla, los primeros 15 d\u00edas de la Feria Internacional del Arte Ef\u00edmero y la Dalia 2024, han transcurrido con saldo blanco, registr\u00e1ndose \u00fanicamente incidentes menores que han sido atendidos de manera oportuna. Autoridades municipales informaron que se ha desplegado un amplio [&hellip;]<\/p>\n","protected":false},"author":2,"featured_media":3406,"comment_status":"open","ping_status":"open","sticky":false,"template":"","format":"standard","meta":{"_themeisle_gutenberg_block_has_review":false,"footnotes":""},"categories":[26],"tags":[31],"class_list":["post-3485","post","type-post","status-publish","format-standard","has-post-thumbnail","hentry","category-municipio","tag-huamantla"],"_links":{"self":[{"href":"https:\/\/enminutostlx.com\/index.php?rest_route=\/wp\/v2\/posts\/3485","targetHints":{"allow":["GET"]}}],"collection":[{"href":"https:\/\/enminutostlx.com\/index.php?rest_route=\/wp\/v2\/posts"}],"about":[{"href":"https:\/\/enminutostlx.com\/index.php?rest_route=\/wp\/v2\/types\/post"}],"author":[{"embeddable":true,"href":"https:\/\/enminutostlx.com\/index.php?rest_route=\/wp\/v2\/users\/2"}],"replies":[{"embeddable":true,"href":"https:\/\/enminutostlx.com\/index.php?rest_route=%2Fwp%2Fv2%2Fcomments&post=3485"}],"version-history":[{"count":1,"href":"https:\/\/enminutostlx.com\/index.php?rest_route=\/wp\/v2\/posts\/3485\/revisions"}],"predecessor-version":[{"id":3486,"href":"https:\/\/enminutostlx.com\/index.php?rest_route=\/wp\/v2\/posts\/3485\/revisions\/3486"}],"wp:featuredmedia":[{"embeddable":true,"href":"https:\/\/enminutostlx.com\/index.php?rest_route=\/wp\/v2\/media\/3406"}],"wp:attachment":[{"href":"https:\/\/enminutostlx.com\/index.php?rest_route=%2Fwp%2Fv2%2Fmedia&parent=3485"}],"wp:term":[{"taxonomy":"category","embeddable":true,"href":"https:\/\/enminutostlx.com\/index.php?rest_route=%2Fwp%2Fv2%2Fcategories&post=3485"},{"taxonomy":"post_tag","embeddable":true,"href":"https:\/\/enminutostlx.com\/index.php?rest_route=%2Fwp%2Fv2%2Ftags&post=3485"}],"curies":[{"name":"wp","href":"https:\/\/api.w.org\/{rel}","templated":true}]}}