{"id":3507,"date":"2024-08-30T04:34:12","date_gmt":"2024-08-30T04:34:12","guid":{"rendered":"https:\/\/enminutostlx.com\/?p=3507"},"modified":"2024-08-30T18:39:28","modified_gmt":"2024-08-30T18:39:28","slug":"invita-gobierno-de-huamantla-a-festival-de-la-dalia-y-degustacion-gastronomica","status":"publish","type":"post","link":"https:\/\/enminutostlx.com\/?p=3507","title":{"rendered":"INVITA GOBIERNO DE HUAMANTLA A FESTIVAL DE LA DALIA Y DEGUSTACI\u00d3N GASTRON\u00d3MICA"},"content":{"rendered":"\n<p><\/p>\n\n\n\n<p>El H. Ayuntamiento de Huamantla, que preside Luz Mar\u00eda Calva Pimentel, a trav\u00e9s de la Coordinaci\u00f3n de Agricultura y Desarrollo Rural, invita a la ciudadan\u00eda en general al Festival de la Dalia y Degustaci\u00f3n Gastron\u00f3mica.<\/p>\n\n\n\n<p>Este evento se llevar\u00e1 a cabo el pr\u00f3ximo viernes 23 de agosto, en el auditorio de la ex Cancha 13 a las 12:00 horas, el cual forma parte de las celebraciones de la Feria Internacional del Arte Ef\u00edmero y la Dalia 2024 en su Edici\u00f3n 150.<\/p>\n\n\n\n<p>En esta degustaci\u00f3n gastron\u00f3mica se podr\u00e1 disfrutar de una variedad de platillos exquisitos donde la Dalia es el ingrediente principal, y los asistentes tendr\u00e1n la oportunidad de probar diversos guisos innovadores y sabrosos que resaltan el uso culinario de esta hermosa flor.<\/p>\n\n\n\n<p>Durante el evento se contar\u00e1 con la presencia de Guadalupe Trevi\u00f1o de Castro, presidenta de la Asociaci\u00f3n Mexicana de la Dalia, quien ha colaborado estrechamente con el gobierno municipal para impulsar proyectos destinados a promover esta flor como s\u00edmbolo de identidad de este Pueblo M\u00e1gico.<\/p>\n\n\n\n<p>Finalmente, la celebraci\u00f3n no s\u00f3lo ser\u00e1 una oportunidad para disfrutar de la gastronom\u00eda local, sino tambi\u00e9n para apreciar la importancia cultural y bot\u00e1nica de la Dalia en el municipio y el pa\u00eds.<\/p>\n","protected":false},"excerpt":{"rendered":"<p>El H. Ayuntamiento de Huamantla, que preside Luz Mar\u00eda Calva Pimentel, a trav\u00e9s de la Coordinaci\u00f3n de Agricultura y Desarrollo Rural, invita a la ciudadan\u00eda en general al Festival de la Dalia y Degustaci\u00f3n Gastron\u00f3mica. Este evento se llevar\u00e1 a cabo el pr\u00f3ximo viernes 23 de agosto, en el auditorio de la ex Cancha 13 [&hellip;]<\/p>\n","protected":false},"author":2,"featured_media":3508,"comment_status":"open","ping_status":"open","sticky":false,"template":"","format":"standard","meta":{"_themeisle_gutenberg_block_has_review":false,"footnotes":""},"categories":[26],"tags":[31],"class_list":["post-3507","post","type-post","status-publish","format-standard","has-post-thumbnail","hentry","category-municipio","tag-huamantla"],"_links":{"self":[{"href":"https:\/\/enminutostlx.com\/index.php?rest_route=\/wp\/v2\/posts\/3507","targetHints":{"allow":["GET"]}}],"collection":[{"href":"https:\/\/enminutostlx.com\/index.php?rest_route=\/wp\/v2\/posts"}],"about":[{"href":"https:\/\/enminutostlx.com\/index.php?rest_route=\/wp\/v2\/types\/post"}],"author":[{"embeddable":true,"href":"https:\/\/enminutostlx.com\/index.php?rest_route=\/wp\/v2\/users\/2"}],"replies":[{"embeddable":true,"href":"https:\/\/enminutostlx.com\/index.php?rest_route=%2Fwp%2Fv2%2Fcomments&post=3507"}],"version-history":[{"count":1,"href":"https:\/\/enminutostlx.com\/index.php?rest_route=\/wp\/v2\/posts\/3507\/revisions"}],"predecessor-version":[{"id":3509,"href":"https:\/\/enminutostlx.com\/index.php?rest_route=\/wp\/v2\/posts\/3507\/revisions\/3509"}],"wp:featuredmedia":[{"embeddable":true,"href":"https:\/\/enminutostlx.com\/index.php?rest_route=\/wp\/v2\/media\/3508"}],"wp:attachment":[{"href":"https:\/\/enminutostlx.com\/index.php?rest_route=%2Fwp%2Fv2%2Fmedia&parent=3507"}],"wp:term":[{"taxonomy":"category","embeddable":true,"href":"https:\/\/enminutostlx.com\/index.php?rest_route=%2Fwp%2Fv2%2Fcategories&post=3507"},{"taxonomy":"post_tag","embeddable":true,"href":"https:\/\/enminutostlx.com\/index.php?rest_route=%2Fwp%2Fv2%2Ftags&post=3507"}],"curies":[{"name":"wp","href":"https:\/\/api.w.org\/{rel}","templated":true}]}}