{"id":3510,"date":"2024-08-30T04:35:09","date_gmt":"2024-08-30T04:35:09","guid":{"rendered":"https:\/\/enminutostlx.com\/?p=3510"},"modified":"2024-08-30T18:39:23","modified_gmt":"2024-08-30T18:39:23","slug":"tradicional-desfile-de-carcachas-engalana-las-celebraciones-de-la-feria-internacional-del-arte-efimero-y-la-dalia-huamantla-2024","status":"publish","type":"post","link":"https:\/\/enminutostlx.com\/?p=3510","title":{"rendered":"TRADICIONAL DESFILE DE CARCACHAS ENGALANA LAS CELEBRACIONES DE LA FERIA INTERNACIONAL DEL ARTE EF\u00cdMERO Y LA DALIA HUAMANTLA 2024"},"content":{"rendered":"\n<p><\/p>\n\n\n\n<p>Este martes 20 de agosto, se llev\u00f3 a cabo con \u00e9xito el tradicional desfile de carcachas, uno de los eventos m\u00e1s esperados dentro de la Feria Internacional del Arte Ef\u00edmero y la Dalia Huamantla 2024.<\/p>\n\n\n\n<p>M\u00e1s de 100 veh\u00edculos recorrieron las principales calles de Huamantla, anticipando la emocionante &#8220;Carrera de Carcachas&#8221; que se celebrar\u00e1 el pr\u00f3ximo s\u00e1bado 24 de agosto a las 9:00 horas en la pista Fidecix.<\/p>\n\n\n\n<p>El Club Automovil\u00edstico Huamantla A.C., organizador del evento, extendi\u00f3 una invitaci\u00f3n a la comunidad para no perderse uno de los eventos m\u00e1s emblem\u00e1ticos de la Feria de Huamantla, mencionando que han trabajado arduamente para garantizar un espect\u00e1culo inolvidable.<\/p>\n\n\n\n<p>Por su parte, la presidenta municipal interina de Huamantla, Luz Mar\u00eda Calva Pimentel, hizo un llamado a todos los huamantlecos para disfrutar con responsabilidad y respeto cada uno de los eventos programados para esta 150\u00aa edici\u00f3n de la Feria.<\/p>\n\n\n\n<p>Finalmente, el gobierno municipal, reconoce la valiosa labor de los cuerpos de seguridad, quienes han estado presentes en cada uno de los eventos, as\u00ed como al personal de Cruz Roja y Protecci\u00f3n Civil, que acompa\u00f1aron al convoy desde su salida en el Monumento al Toro, asegurando as\u00ed el bienestar de los asistentes.<\/p>\n","protected":false},"excerpt":{"rendered":"<p>Este martes 20 de agosto, se llev\u00f3 a cabo con \u00e9xito el tradicional desfile de carcachas, uno de los eventos m\u00e1s esperados dentro de la Feria Internacional del Arte Ef\u00edmero y la Dalia Huamantla 2024. M\u00e1s de 100 veh\u00edculos recorrieron las principales calles de Huamantla, anticipando la emocionante &#8220;Carrera de Carcachas&#8221; que se celebrar\u00e1 el [&hellip;]<\/p>\n","protected":false},"author":2,"featured_media":3511,"comment_status":"open","ping_status":"open","sticky":false,"template":"","format":"standard","meta":{"_themeisle_gutenberg_block_has_review":false,"footnotes":""},"categories":[26],"tags":[31],"class_list":["post-3510","post","type-post","status-publish","format-standard","has-post-thumbnail","hentry","category-municipio","tag-huamantla"],"_links":{"self":[{"href":"https:\/\/enminutostlx.com\/index.php?rest_route=\/wp\/v2\/posts\/3510","targetHints":{"allow":["GET"]}}],"collection":[{"href":"https:\/\/enminutostlx.com\/index.php?rest_route=\/wp\/v2\/posts"}],"about":[{"href":"https:\/\/enminutostlx.com\/index.php?rest_route=\/wp\/v2\/types\/post"}],"author":[{"embeddable":true,"href":"https:\/\/enminutostlx.com\/index.php?rest_route=\/wp\/v2\/users\/2"}],"replies":[{"embeddable":true,"href":"https:\/\/enminutostlx.com\/index.php?rest_route=%2Fwp%2Fv2%2Fcomments&post=3510"}],"version-history":[{"count":1,"href":"https:\/\/enminutostlx.com\/index.php?rest_route=\/wp\/v2\/posts\/3510\/revisions"}],"predecessor-version":[{"id":3512,"href":"https:\/\/enminutostlx.com\/index.php?rest_route=\/wp\/v2\/posts\/3510\/revisions\/3512"}],"wp:featuredmedia":[{"embeddable":true,"href":"https:\/\/enminutostlx.com\/index.php?rest_route=\/wp\/v2\/media\/3511"}],"wp:attachment":[{"href":"https:\/\/enminutostlx.com\/index.php?rest_route=%2Fwp%2Fv2%2Fmedia&parent=3510"}],"wp:term":[{"taxonomy":"category","embeddable":true,"href":"https:\/\/enminutostlx.com\/index.php?rest_route=%2Fwp%2Fv2%2Fcategories&post=3510"},{"taxonomy":"post_tag","embeddable":true,"href":"https:\/\/enminutostlx.com\/index.php?rest_route=%2Fwp%2Fv2%2Ftags&post=3510"}],"curies":[{"name":"wp","href":"https:\/\/api.w.org\/{rel}","templated":true}]}}