{"id":3515,"date":"2024-08-30T04:36:56","date_gmt":"2024-08-30T04:36:56","guid":{"rendered":"https:\/\/enminutostlx.com\/?p=3515"},"modified":"2024-08-30T18:39:13","modified_gmt":"2024-08-30T18:39:13","slug":"ayuntamiento-de-huamantla-invita-a-la-tradicional-chileatoleada-este-domingo-25-de-agosto","status":"publish","type":"post","link":"https:\/\/enminutostlx.com\/?p=3515","title":{"rendered":"AYUNTAMIENTO DE HUAMANTLA INVITA A LA TRADICIONAL CHILEATOLEADA ESTE DOMINGO 25 DE AGOSTO"},"content":{"rendered":"\n<p><\/p>\n\n\n\n<p>La Coordinaci\u00f3n de Agricultura y Desarrollo Rural del H. Ayuntamiento de Huamantla tiene el honor de invitar a la comunidad a participar en la tradicional \u201cChileatoleada\u201d, que se llevar\u00e1 a cabo en el marco de la Feria Internacional del Arte Ef\u00edmero y la Dalia 2024.<\/p>\n\n\n\n<p>Este evento est\u00e1 dise\u00f1ado para resaltar y enriquecer la riqueza gastron\u00f3mica de nuestra regi\u00f3n, por lo que la cita es este domingo 25 de agosto a las 18:00 horas en la explanada de la Presidencia Municipal.<\/p>\n\n\n\n<p>Autoridades municipales se\u00f1alan que para cuidar el medio ambiente y con el objetivo de mantener nuestro entorno limpio y ecol\u00f3gico, se solicita a los asistentes traer su propio plato y cuchara, ya que esta medida ayudar\u00e1 a evitar la generaci\u00f3n de desechables innecesarios y a promover un ambiente sustentable, por lo que es importante se traiga su propio recipiente.<\/p>\n\n\n\n<p>La Chileatoleada, es una oportunidad para degustar un platillo que tiene sus ra\u00edces en la gastronom\u00eda prehisp\u00e1nica de nuestra regi\u00f3n, basada en un atole salado, elaborado con chile rojo o verde y granos de ma\u00edz, el cual ser\u00e1 preparado por las talentosas cocineras tradicionales locales. Todos los ingredientes utilizados ser\u00e1n frescos y cultivados por los campesinos de Huamantla, garantizando as\u00ed la autenticidad y calidad del platillo.<\/p>\n\n\n\n<p>Finalmente, el gobierno municipal invita a disfrutar de una deliciosa comida y a conectar con nuestras ra\u00edces culinarias y celebrar la herencia gastron\u00f3mica que nos distingue.<\/p>\n","protected":false},"excerpt":{"rendered":"<p>La Coordinaci\u00f3n de Agricultura y Desarrollo Rural del H. Ayuntamiento de Huamantla tiene el honor de invitar a la comunidad a participar en la tradicional \u201cChileatoleada\u201d, que se llevar\u00e1 a cabo en el marco de la Feria Internacional del Arte Ef\u00edmero y la Dalia 2024. Este evento est\u00e1 dise\u00f1ado para resaltar y enriquecer la riqueza [&hellip;]<\/p>\n","protected":false},"author":2,"featured_media":3417,"comment_status":"open","ping_status":"open","sticky":false,"template":"","format":"standard","meta":{"_themeisle_gutenberg_block_has_review":false,"footnotes":""},"categories":[26],"tags":[31],"class_list":["post-3515","post","type-post","status-publish","format-standard","has-post-thumbnail","hentry","category-municipio","tag-huamantla"],"_links":{"self":[{"href":"https:\/\/enminutostlx.com\/index.php?rest_route=\/wp\/v2\/posts\/3515","targetHints":{"allow":["GET"]}}],"collection":[{"href":"https:\/\/enminutostlx.com\/index.php?rest_route=\/wp\/v2\/posts"}],"about":[{"href":"https:\/\/enminutostlx.com\/index.php?rest_route=\/wp\/v2\/types\/post"}],"author":[{"embeddable":true,"href":"https:\/\/enminutostlx.com\/index.php?rest_route=\/wp\/v2\/users\/2"}],"replies":[{"embeddable":true,"href":"https:\/\/enminutostlx.com\/index.php?rest_route=%2Fwp%2Fv2%2Fcomments&post=3515"}],"version-history":[{"count":1,"href":"https:\/\/enminutostlx.com\/index.php?rest_route=\/wp\/v2\/posts\/3515\/revisions"}],"predecessor-version":[{"id":3516,"href":"https:\/\/enminutostlx.com\/index.php?rest_route=\/wp\/v2\/posts\/3515\/revisions\/3516"}],"wp:featuredmedia":[{"embeddable":true,"href":"https:\/\/enminutostlx.com\/index.php?rest_route=\/wp\/v2\/media\/3417"}],"wp:attachment":[{"href":"https:\/\/enminutostlx.com\/index.php?rest_route=%2Fwp%2Fv2%2Fmedia&parent=3515"}],"wp:term":[{"taxonomy":"category","embeddable":true,"href":"https:\/\/enminutostlx.com\/index.php?rest_route=%2Fwp%2Fv2%2Fcategories&post=3515"},{"taxonomy":"post_tag","embeddable":true,"href":"https:\/\/enminutostlx.com\/index.php?rest_route=%2Fwp%2Fv2%2Ftags&post=3515"}],"curies":[{"name":"wp","href":"https:\/\/api.w.org\/{rel}","templated":true}]}}