{"id":3651,"date":"2025-02-11T13:32:54","date_gmt":"2025-02-11T13:32:54","guid":{"rendered":"https:\/\/enminutostlx.com\/?p=3651"},"modified":"2025-02-11T13:32:54","modified_gmt":"2025-02-11T13:32:54","slug":"la-comunidad-de-apizaquito-se-posiciona-como-referente-en-atencion-ciudadana-en-el-estado","status":"publish","type":"post","link":"https:\/\/enminutostlx.com\/?p=3651","title":{"rendered":"La comunidad de Apizaquito se posiciona como referente en atenci\u00f3n ciudadana en el estado."},"content":{"rendered":"\n<p>El presidente de comunidad, Jos\u00e9 Daniel Hern\u00e1ndez L\u00f3pez puso en marcha \u201cEnch\u00falame la calle\u201d, programa que se suma a \u201cLunes de atenci\u00f3n ciudadana\u201d y la \u201cL\u00ednea directa\u201d para mantenerse en constante contacto con la ciudadan\u00eda.<\/p>\n\n\n\n<p>Como parte de los trabajos en su segunda administraci\u00f3n al frente de la comunidad de San Luis Apizaquito, Daniel Hern\u00e1ndez lanz\u00f3 el programa \u201cEnch\u00falame la calle\u201d donde \u00e9l y su equipo visitan las colonias y fraccionamientos para reparar alumbrado p\u00fablico, realizar poda de arboles, rehabilitar parques, \u00e1reas verdes, ademas de realizar bacheo y balizado de banquetas.<\/p>\n\n\n\n<p>\u201cEste programa es para trabajar en equipo con la ciudadan\u00eda, pues es muy importante la participaci\u00f3n de todos pues logramos m\u00e1s y mejores resultados, mi administraci\u00f3n siempre ha sido de o\u00eddos abiertos y somos un gobierno cercano a la gente\u201d mencion\u00f3 Hern\u00e1ndez L\u00f3pez.<\/p>\n\n\n\n<p>Durante el primer semestre de su administraci\u00f3n se han atendido m\u00e1s de 145 reportes de alumbrado p\u00fablico, m\u00e1s de 37 reportes de fugas de agua y ha atendido de manera personal m\u00e1s de 200 audiencias, lo que lo coloca como referente a nivel estatal como un gobierno abierto y cercano a la ciudadan\u00eda.<\/p>\n\n\n\n<p>Por \u00faltimo, lanz\u00f3 la invitaci\u00f3n a la ciudadan\u00eda a seguir enviando sus reportes en la l\u00ednea de atenci\u00f3n ciudadana y a mantenerse pendientes de los apoyos asi como actividades que realiza la presidencia de comunidad en sus redes sociales, \u201cinvitamos a toda la ciudadan\u00eda a seguir usando nuestra l\u00ednea directa y mant\u00e9nganse pendientes de nuestra p\u00e1gina en Facebook o para los m\u00e1s j\u00f3venes que usan tiktok e instagram ah\u00ed subimos tambi\u00e9n informaci\u00f3n.\u201d Agreg\u00f3 Daniel Hern\u00e1ndez.<\/p>\n\n\n\n<figure class=\"wp-block-image size-large\"><img loading=\"lazy\" decoding=\"async\" width=\"771\" height=\"1024\" src=\"https:\/\/enminutostlx.com\/wp-content\/uploads\/2025\/02\/b295aa15-477e-405a-b48c-0a6b3d57a1a1-771x1024.jpeg\" alt=\"\" class=\"wp-image-3653\" srcset=\"https:\/\/enminutostlx.com\/wp-content\/uploads\/2025\/02\/b295aa15-477e-405a-b48c-0a6b3d57a1a1-771x1024.jpeg 771w, https:\/\/enminutostlx.com\/wp-content\/uploads\/2025\/02\/b295aa15-477e-405a-b48c-0a6b3d57a1a1-226x300.jpeg 226w, https:\/\/enminutostlx.com\/wp-content\/uploads\/2025\/02\/b295aa15-477e-405a-b48c-0a6b3d57a1a1-768x1021.jpeg 768w, https:\/\/enminutostlx.com\/wp-content\/uploads\/2025\/02\/b295aa15-477e-405a-b48c-0a6b3d57a1a1-1156x1536.jpeg 1156w, https:\/\/enminutostlx.com\/wp-content\/uploads\/2025\/02\/b295aa15-477e-405a-b48c-0a6b3d57a1a1-750x997.jpeg 750w, https:\/\/enminutostlx.com\/wp-content\/uploads\/2025\/02\/b295aa15-477e-405a-b48c-0a6b3d57a1a1-1140x1515.jpeg 1140w, https:\/\/enminutostlx.com\/wp-content\/uploads\/2025\/02\/b295aa15-477e-405a-b48c-0a6b3d57a1a1.jpeg 1204w\" sizes=\"auto, (max-width: 771px) 100vw, 771px\" \/><\/figure>\n","protected":false},"excerpt":{"rendered":"<p>El presidente de comunidad, Jos\u00e9 Daniel Hern\u00e1ndez L\u00f3pez puso en marcha \u201cEnch\u00falame la calle\u201d, programa que se suma a \u201cLunes de atenci\u00f3n ciudadana\u201d y la \u201cL\u00ednea directa\u201d para mantenerse en constante contacto con la ciudadan\u00eda. Como parte de los trabajos en su segunda administraci\u00f3n al frente de la comunidad de San Luis Apizaquito, Daniel Hern\u00e1ndez [&hellip;]<\/p>\n","protected":false},"author":2,"featured_media":3652,"comment_status":"open","ping_status":"open","sticky":false,"template":"","format":"standard","meta":{"_themeisle_gutenberg_block_has_review":false,"footnotes":""},"categories":[26],"tags":[1140,458],"class_list":["post-3651","post","type-post","status-publish","format-standard","has-post-thumbnail","hentry","category-municipio","tag-apizaquito","tag-atencion"],"_links":{"self":[{"href":"https:\/\/enminutostlx.com\/index.php?rest_route=\/wp\/v2\/posts\/3651","targetHints":{"allow":["GET"]}}],"collection":[{"href":"https:\/\/enminutostlx.com\/index.php?rest_route=\/wp\/v2\/posts"}],"about":[{"href":"https:\/\/enminutostlx.com\/index.php?rest_route=\/wp\/v2\/types\/post"}],"author":[{"embeddable":true,"href":"https:\/\/enminutostlx.com\/index.php?rest_route=\/wp\/v2\/users\/2"}],"replies":[{"embeddable":true,"href":"https:\/\/enminutostlx.com\/index.php?rest_route=%2Fwp%2Fv2%2Fcomments&post=3651"}],"version-history":[{"count":1,"href":"https:\/\/enminutostlx.com\/index.php?rest_route=\/wp\/v2\/posts\/3651\/revisions"}],"predecessor-version":[{"id":3654,"href":"https:\/\/enminutostlx.com\/index.php?rest_route=\/wp\/v2\/posts\/3651\/revisions\/3654"}],"wp:featuredmedia":[{"embeddable":true,"href":"https:\/\/enminutostlx.com\/index.php?rest_route=\/wp\/v2\/media\/3652"}],"wp:attachment":[{"href":"https:\/\/enminutostlx.com\/index.php?rest_route=%2Fwp%2Fv2%2Fmedia&parent=3651"}],"wp:term":[{"taxonomy":"category","embeddable":true,"href":"https:\/\/enminutostlx.com\/index.php?rest_route=%2Fwp%2Fv2%2Fcategories&post=3651"},{"taxonomy":"post_tag","embeddable":true,"href":"https:\/\/enminutostlx.com\/index.php?rest_route=%2Fwp%2Fv2%2Ftags&post=3651"}],"curies":[{"name":"wp","href":"https:\/\/api.w.org\/{rel}","templated":true}]}}