{"id":3741,"date":"2025-04-29T02:19:03","date_gmt":"2025-04-29T02:19:03","guid":{"rendered":"https:\/\/enminutostlx.com\/?p=3741"},"modified":"2025-04-29T02:19:04","modified_gmt":"2025-04-29T02:19:04","slug":"este-martes-y-miercoles-habra-suspension-en-el-suministro-de-agua-potable-en-huamantla","status":"publish","type":"post","link":"https:\/\/enminutostlx.com\/?p=3741","title":{"rendered":"Este martes y mi\u00e9rcoles habr\u00e1 suspensi\u00f3n en el suministro de agua potable en Huamantla."},"content":{"rendered":"\n<p>Paco Ugarte.<\/p>\n\n\n\n<p>Andr\u00e9s Carmona, Director de la Comisi\u00f3n de Agua Potable y Alcantarillado del Municipio de Huamantla (CAPAMH) anunci\u00f3 que habr\u00e1 corte al servicio del vital l\u00edquido en la cabecera municipal y algunas comunidades.<\/p>\n\n\n\n<p>Se\u00f1al\u00f3 que el pozo Ju\u00e1rez que abastece a un n\u00famero importante de usuarios -Todo el centro de Huamantla- entrar\u00e1 en mantenimiento para cambiar el equipo con mayor capacidad y con ello las zonas que se ver\u00e1n afectadas cuenten con un mejor servicio.<\/p>\n\n\n\n<p>El Director de la CAPAMH, invit\u00f3 a los usuario que se ver\u00e1n afectados con estas maniobras a ser responsables en el uso del vital l\u00edquido y sobre todo cuidar el agua potable ya que aunque los trabajos duran 2 d\u00edas, existen zonas con hasta 5 d\u00edas h\u00e1biles que cuenten con el servicio derivado de las l\u00edneas de conducci\u00f3n.<\/p>\n\n\n\n<p><a href=\"https:\/\/www.facebook.com\/photo\/?fbid=1210608820947050&amp;set=a.520059946668611&amp;__cft__[0]=AZVOWHI4Uy1ytvq9Y-v9UhDOk3q_JGebVnN35cYMtOQ6_OFsEP4StDR4hKxHAtk-_5ph1z2u8luXgmV0p1IMlAVV0x8O8lpv-bU_yPry8kBjsss1ZwaNibtJDlf7dNuUxWr3LXoC-90qg7gO4u-xKD1yYeUsOATCA8X_3aFuT9udRQ&amp;__tn__=EH-R\"><\/a><\/p>\n\n\n\n\n\n\n","protected":false},"excerpt":{"rendered":"<p>Paco Ugarte. Andr\u00e9s Carmona, Director de la Comisi\u00f3n de Agua Potable y Alcantarillado del Municipio de Huamantla (CAPAMH) anunci\u00f3 que habr\u00e1 corte al servicio del vital l\u00edquido en la cabecera municipal y algunas comunidades. Se\u00f1al\u00f3 que el pozo Ju\u00e1rez que abastece a un n\u00famero importante de usuarios -Todo el centro de Huamantla- entrar\u00e1 en mantenimiento [&hellip;]<\/p>\n","protected":false},"author":2,"featured_media":3742,"comment_status":"open","ping_status":"open","sticky":false,"template":"","format":"standard","meta":{"_themeisle_gutenberg_block_has_review":false,"footnotes":""},"categories":[26],"tags":[57,1164,1062],"class_list":["post-3741","post","type-post","status-publish","format-standard","has-post-thumbnail","hentry","category-municipio","tag-capamh","tag-martes","tag-suspension"],"_links":{"self":[{"href":"https:\/\/enminutostlx.com\/index.php?rest_route=\/wp\/v2\/posts\/3741","targetHints":{"allow":["GET"]}}],"collection":[{"href":"https:\/\/enminutostlx.com\/index.php?rest_route=\/wp\/v2\/posts"}],"about":[{"href":"https:\/\/enminutostlx.com\/index.php?rest_route=\/wp\/v2\/types\/post"}],"author":[{"embeddable":true,"href":"https:\/\/enminutostlx.com\/index.php?rest_route=\/wp\/v2\/users\/2"}],"replies":[{"embeddable":true,"href":"https:\/\/enminutostlx.com\/index.php?rest_route=%2Fwp%2Fv2%2Fcomments&post=3741"}],"version-history":[{"count":1,"href":"https:\/\/enminutostlx.com\/index.php?rest_route=\/wp\/v2\/posts\/3741\/revisions"}],"predecessor-version":[{"id":3743,"href":"https:\/\/enminutostlx.com\/index.php?rest_route=\/wp\/v2\/posts\/3741\/revisions\/3743"}],"wp:featuredmedia":[{"embeddable":true,"href":"https:\/\/enminutostlx.com\/index.php?rest_route=\/wp\/v2\/media\/3742"}],"wp:attachment":[{"href":"https:\/\/enminutostlx.com\/index.php?rest_route=%2Fwp%2Fv2%2Fmedia&parent=3741"}],"wp:term":[{"taxonomy":"category","embeddable":true,"href":"https:\/\/enminutostlx.com\/index.php?rest_route=%2Fwp%2Fv2%2Fcategories&post=3741"},{"taxonomy":"post_tag","embeddable":true,"href":"https:\/\/enminutostlx.com\/index.php?rest_route=%2Fwp%2Fv2%2Ftags&post=3741"}],"curies":[{"name":"wp","href":"https:\/\/api.w.org\/{rel}","templated":true}]}}