{"id":3890,"date":"2025-09-10T22:00:10","date_gmt":"2025-09-10T22:00:10","guid":{"rendered":"https:\/\/enminutostlx.com\/?p=3890"},"modified":"2025-09-10T22:00:11","modified_gmt":"2025-09-10T22:00:11","slug":"anuncia-la-capamh-feria-de-descuentos","status":"publish","type":"post","link":"https:\/\/enminutostlx.com\/?p=3890","title":{"rendered":"Anuncia la CAPAMH Feria de Descuentos."},"content":{"rendered":"\n<p>Huamantla est\u00e1 de feria y en CAPAMH tambi\u00e9n lo celebramos! <\/p>\n\n\n\n<p><a><\/a>Durante todo agosto, aprovecha la campa\u00f1a<\/p>\n\n\n\n<p>\u201cCAPAMH EST\u00c1 DE FERIA\u201d<\/p>\n\n\n\n<p>y ponte al corriente SIN pagar multas ni recargos. <\/p>\n\n\n\n<p>plica solo en tomas de uso dom\u00e9stico<\/p>\n\n\n\n<p>\u00a1Es momento de regularizar tu servicio y seguir cuidando el agua juntos! <\/p>\n\n\n\n<p>**Esta campa\u00f1a estar\u00e1 vigente del 1 al 31 de agosto y se atender\u00e1 directamente en las oficinas de CAPAMH, ubicadas en Privada del pozo #121, Heroica Huamantla, M\u00e9xico, en un horario de atenci\u00f3n de 8:00 a.m. a 4:00 p.m. de lunes a viernes y s\u00e1bados de 8:00 a.m. a 12:00 p.m.**<\/p>\n\n\n\n<p>CAPAMH, por amor a Huamantla. <\/p>\n","protected":false},"excerpt":{"rendered":"<p>Huamantla est\u00e1 de feria y en CAPAMH tambi\u00e9n lo celebramos! Durante todo agosto, aprovecha la campa\u00f1a \u201cCAPAMH EST\u00c1 DE FERIA\u201d y ponte al corriente SIN pagar multas ni recargos. plica solo en tomas de uso dom\u00e9stico \u00a1Es momento de regularizar tu servicio y seguir cuidando el agua juntos! **Esta campa\u00f1a estar\u00e1 vigente del 1 al [&hellip;]<\/p>\n","protected":false},"author":2,"featured_media":3891,"comment_status":"open","ping_status":"open","sticky":false,"template":"","format":"standard","meta":{"_themeisle_gutenberg_block_has_review":false,"footnotes":""},"categories":[26],"tags":[1200,868,122],"class_list":["post-3890","post","type-post","status-publish","format-standard","has-post-thumbnail","hentry","category-municipio","tag-capmah","tag-descuentos","tag-feria"],"_links":{"self":[{"href":"https:\/\/enminutostlx.com\/index.php?rest_route=\/wp\/v2\/posts\/3890","targetHints":{"allow":["GET"]}}],"collection":[{"href":"https:\/\/enminutostlx.com\/index.php?rest_route=\/wp\/v2\/posts"}],"about":[{"href":"https:\/\/enminutostlx.com\/index.php?rest_route=\/wp\/v2\/types\/post"}],"author":[{"embeddable":true,"href":"https:\/\/enminutostlx.com\/index.php?rest_route=\/wp\/v2\/users\/2"}],"replies":[{"embeddable":true,"href":"https:\/\/enminutostlx.com\/index.php?rest_route=%2Fwp%2Fv2%2Fcomments&post=3890"}],"version-history":[{"count":1,"href":"https:\/\/enminutostlx.com\/index.php?rest_route=\/wp\/v2\/posts\/3890\/revisions"}],"predecessor-version":[{"id":3892,"href":"https:\/\/enminutostlx.com\/index.php?rest_route=\/wp\/v2\/posts\/3890\/revisions\/3892"}],"wp:featuredmedia":[{"embeddable":true,"href":"https:\/\/enminutostlx.com\/index.php?rest_route=\/wp\/v2\/media\/3891"}],"wp:attachment":[{"href":"https:\/\/enminutostlx.com\/index.php?rest_route=%2Fwp%2Fv2%2Fmedia&parent=3890"}],"wp:term":[{"taxonomy":"category","embeddable":true,"href":"https:\/\/enminutostlx.com\/index.php?rest_route=%2Fwp%2Fv2%2Fcategories&post=3890"},{"taxonomy":"post_tag","embeddable":true,"href":"https:\/\/enminutostlx.com\/index.php?rest_route=%2Fwp%2Fv2%2Ftags&post=3890"}],"curies":[{"name":"wp","href":"https:\/\/api.w.org\/{rel}","templated":true}]}}