{"id":409,"date":"2023-06-12T01:39:20","date_gmt":"2023-06-12T01:39:20","guid":{"rendered":"https:\/\/enminutostlx.com\/?p=409"},"modified":"2023-06-12T01:39:21","modified_gmt":"2023-06-12T01:39:21","slug":"a-punto-de-caer-automovil-a-barranco-en-cuaula-calpulalpan","status":"publish","type":"post","link":"https:\/\/enminutostlx.com\/?p=409","title":{"rendered":"A punto de caer autom\u00f3vil a barranco, en Cuaula, Calpulalpan"},"content":{"rendered":"\n<p><\/p>\n\n\n\n<p>Alexis P. Gonz\u00e1lez<\/p>\n\n\n\n<p>La noche de ayer, en la comunidad de Santiago Cuaula, municipio de Calpulalpan, un autom\u00f3vil estuvo a punto de caer a un barranco.<\/p>\n\n\n\n<p>El hecho se registr\u00f3 alrededor de las 22:30 horas, en la carretera que conecta a Santiago Cuaula con la M\u00e9xico-Veracruz.<\/p>\n\n\n\n<p>Ah\u00ed, un autom\u00f3vil Volkswagen Jetta volc\u00f3 a una zanja, ya que su conductor no pudo controlarlo en una curva.<\/p>\n\n\n\n<p>Param\u00e9dicos de Cruz Roja y de Protecci\u00f3n Civil de Calpulalpan asistieron a un masculino que result\u00f3 lesionado, adem\u00e1s de ayudarlo a extraerlo de la unidad.<\/p>\n\n\n\n<p>Por este percance, polic\u00edas municipales y estatales dieron abanderamiento vial y el veh\u00edculo siniestrado fue retirado del lugar.<\/p>\n\n\n\n<p>Hasta el momento, el presunto exceso de velocidad habr\u00eda provocado el aparatoso accidente.<\/p>\n","protected":false},"excerpt":{"rendered":"<p>Alexis P. Gonz\u00e1lez La noche de ayer, en la comunidad de Santiago Cuaula, municipio de Calpulalpan, un autom\u00f3vil estuvo a punto de caer a un barranco. El hecho se registr\u00f3 alrededor de las 22:30 horas, en la carretera que conecta a Santiago Cuaula con la M\u00e9xico-Veracruz. Ah\u00ed, un autom\u00f3vil Volkswagen Jetta volc\u00f3 a una zanja, [&hellip;]<\/p>\n","protected":false},"author":2,"featured_media":410,"comment_status":"open","ping_status":"open","sticky":false,"template":"","format":"standard","meta":{"_themeisle_gutenberg_block_has_review":false,"footnotes":""},"categories":[28],"tags":[219,218,217,220],"class_list":["post-409","post","type-post","status-publish","format-standard","has-post-thumbnail","hentry","category-nota-roja","tag-automovil","tag-barranca","tag-caer","tag-calpulapan"],"_links":{"self":[{"href":"https:\/\/enminutostlx.com\/index.php?rest_route=\/wp\/v2\/posts\/409","targetHints":{"allow":["GET"]}}],"collection":[{"href":"https:\/\/enminutostlx.com\/index.php?rest_route=\/wp\/v2\/posts"}],"about":[{"href":"https:\/\/enminutostlx.com\/index.php?rest_route=\/wp\/v2\/types\/post"}],"author":[{"embeddable":true,"href":"https:\/\/enminutostlx.com\/index.php?rest_route=\/wp\/v2\/users\/2"}],"replies":[{"embeddable":true,"href":"https:\/\/enminutostlx.com\/index.php?rest_route=%2Fwp%2Fv2%2Fcomments&post=409"}],"version-history":[{"count":1,"href":"https:\/\/enminutostlx.com\/index.php?rest_route=\/wp\/v2\/posts\/409\/revisions"}],"predecessor-version":[{"id":411,"href":"https:\/\/enminutostlx.com\/index.php?rest_route=\/wp\/v2\/posts\/409\/revisions\/411"}],"wp:featuredmedia":[{"embeddable":true,"href":"https:\/\/enminutostlx.com\/index.php?rest_route=\/wp\/v2\/media\/410"}],"wp:attachment":[{"href":"https:\/\/enminutostlx.com\/index.php?rest_route=%2Fwp%2Fv2%2Fmedia&parent=409"}],"wp:term":[{"taxonomy":"category","embeddable":true,"href":"https:\/\/enminutostlx.com\/index.php?rest_route=%2Fwp%2Fv2%2Fcategories&post=409"},{"taxonomy":"post_tag","embeddable":true,"href":"https:\/\/enminutostlx.com\/index.php?rest_route=%2Fwp%2Fv2%2Ftags&post=409"}],"curies":[{"name":"wp","href":"https:\/\/api.w.org\/{rel}","templated":true}]}}