{"id":4340,"date":"2026-05-01T12:33:40","date_gmt":"2026-05-01T12:33:40","guid":{"rendered":"https:\/\/enminutostlx.com\/?p=4340"},"modified":"2026-05-01T12:33:41","modified_gmt":"2026-05-01T12:33:41","slug":"en-terrenate-tu-seguridad-es-nuestra-prioridad-arranca-operativo-semana-santa-2026","status":"publish","type":"post","link":"https:\/\/enminutostlx.com\/?p=4340","title":{"rendered":"EN TERRENATE, TU SEGURIDAD ES NUESTRA PRIORIDAD: ARRANCA OPERATIVO SEMANA SANTA 2026"},"content":{"rendered":"\n<p>Bajo la instrucci\u00f3n firme del Presidente Municipal, Filo Palafox Dorantes, en coordinaci\u00f3n con la direcci\u00f3n de seguridad p\u00fablica \ufffc\ufffcliderada por el Iv\u00e1n Enrique Rios, con el objetivo de garantizar la paz y el orden en nuestro municipio, hoy se dio el banderazo oficial al Operativo Interinstitucional de Seguridad.<\/p>\n\n\n\n<p>Este despliegue estrat\u00e9gico es el resultado de la gesti\u00f3n y coordinaci\u00f3n de la administraci\u00f3n municipal con los tres \u00f3rdenes de gobierno, sumando fuerzas para tu tranquilidad:<\/p>\n\n\n\n<p><img decoding=\"async\" alt=\"\u2705\" src=\"https:\/\/static.xx.fbcdn.net\/images\/emoji.php\/v9\/t33\/1\/16\/2705.png\"> Guardia Nacional<\/p>\n\n\n\n<p><img decoding=\"async\" alt=\"\u2705\" src=\"https:\/\/static.xx.fbcdn.net\/images\/emoji.php\/v9\/t33\/1\/16\/2705.png\"> Polic\u00eda Estatal<\/p>\n\n\n\n<p><img decoding=\"async\" alt=\"\u2705\" src=\"https:\/\/static.xx.fbcdn.net\/images\/emoji.php\/v9\/t33\/1\/16\/2705.png\"> Seguridad P\u00fablica Municipal<\/p>\n\n\n\n<p><img decoding=\"async\" alt=\"\u2705\" src=\"https:\/\/static.xx.fbcdn.net\/images\/emoji.php\/v9\/t33\/1\/16\/2705.png\"> Protecci\u00f3n Civil<\/p>\n\n\n\n<p>Nuestras unidades realizar\u00e1n patrullajes conjuntos en comunidades, zonas tur\u00edsticas y accesos principales.<\/p>\n\n\n\n<p>El objetivo es claro: que las familias de Terrenate y nuestros visitantes disfruten de estos d\u00edas en un entorno de seguridad y respeto.<\/p>\n\n\n\n<p>La Ley Seca ya est\u00e1 en vigor por lo que se llam\u00f3 a respetar las normas nos permite mantener la convivencia sana que todos merecemos.<\/p>\n\n\n\n<p>\u2022 Emergencias: 911<\/p>\n\n\n\n<p>\u2022 Seguridad P\u00fablica Terrenate: 241 172 2185<\/p>\n","protected":false},"excerpt":{"rendered":"<p>Bajo la instrucci\u00f3n firme del Presidente Municipal, Filo Palafox Dorantes, en coordinaci\u00f3n con la direcci\u00f3n de seguridad p\u00fablica \ufffc\ufffcliderada por el Iv\u00e1n Enrique Rios, con el objetivo de garantizar la paz y el orden en nuestro municipio, hoy se dio el banderazo oficial al Operativo Interinstitucional de Seguridad. Este despliegue estrat\u00e9gico es el resultado de [&hellip;]<\/p>\n","protected":false},"author":2,"featured_media":4341,"comment_status":"open","ping_status":"open","sticky":false,"template":"","format":"standard","meta":{"_themeisle_gutenberg_block_has_review":false,"footnotes":""},"categories":[1],"tags":[],"class_list":["post-4340","post","type-post","status-publish","format-standard","has-post-thumbnail","hentry","category-sin-categoria"],"_links":{"self":[{"href":"https:\/\/enminutostlx.com\/index.php?rest_route=\/wp\/v2\/posts\/4340","targetHints":{"allow":["GET"]}}],"collection":[{"href":"https:\/\/enminutostlx.com\/index.php?rest_route=\/wp\/v2\/posts"}],"about":[{"href":"https:\/\/enminutostlx.com\/index.php?rest_route=\/wp\/v2\/types\/post"}],"author":[{"embeddable":true,"href":"https:\/\/enminutostlx.com\/index.php?rest_route=\/wp\/v2\/users\/2"}],"replies":[{"embeddable":true,"href":"https:\/\/enminutostlx.com\/index.php?rest_route=%2Fwp%2Fv2%2Fcomments&post=4340"}],"version-history":[{"count":1,"href":"https:\/\/enminutostlx.com\/index.php?rest_route=\/wp\/v2\/posts\/4340\/revisions"}],"predecessor-version":[{"id":4342,"href":"https:\/\/enminutostlx.com\/index.php?rest_route=\/wp\/v2\/posts\/4340\/revisions\/4342"}],"wp:featuredmedia":[{"embeddable":true,"href":"https:\/\/enminutostlx.com\/index.php?rest_route=\/wp\/v2\/media\/4341"}],"wp:attachment":[{"href":"https:\/\/enminutostlx.com\/index.php?rest_route=%2Fwp%2Fv2%2Fmedia&parent=4340"}],"wp:term":[{"taxonomy":"category","embeddable":true,"href":"https:\/\/enminutostlx.com\/index.php?rest_route=%2Fwp%2Fv2%2Fcategories&post=4340"},{"taxonomy":"post_tag","embeddable":true,"href":"https:\/\/enminutostlx.com\/index.php?rest_route=%2Fwp%2Fv2%2Ftags&post=4340"}],"curies":[{"name":"wp","href":"https:\/\/api.w.org\/{rel}","templated":true}]}}